{"@context":{"foaf":"http:\/\/xmlns.com\/foaf\/0.1\/","rdf":"http:\/\/www.w3.org\/1999\/02\/22-rdf-syntax-ns#","gnd":"http:\/\/d-nb.info\/gnd\/","person":"https:\/\/personendatenbank.germania-sacra.de\/index\/gsn\/","kloster":"https:\/\/klosterdatenbank.germania-sacra.de\/gsn\/","par":"http:\/\/purl.org\/vocab\/participation\/schema#","rdfs":"http:\/\/www.w3.org\/2000\/01\/rdf-schema#","owl":"http:\/\/www.w3.org\/2002\/07\/owl#","schema":"http:\/\/schema.org\/","org":"http:\/\/www.w3.org\/ns\/org#","records":{"@id":"rdfs:Container","@container":"@set"},"gndnummer":{"@id":"owl:sameAs","@type":"@id"},"gsn":{"@id":"owl:sameAs","@type":"@id"},"klosterid":{"@id":"owl:sameAs","@type":"@id"},"vorname":"schema:givenName","familienname":"schema:familyName","geburtsdatum":"schema:birthDate","sterbedatum":"schema:deathDate","aemter":"par:holder_of","organisationen":"org:memberOf"},"records":[{"vorname":"Albrecht","familienname":"Blarer","sterbedatum":"1441","rdf:type":"foaf:Person","organisationen":[{"@id":"person:023-00041-001#organisation-381283","rdf:type":["foaf:Organization","prov:Agent"],"par:role":"person:023-00041-001#amt-381283","foaf:name":"Stift St. Stephan, Konstanz","klosterid":"kloster:1043"},{"@id":"person:023-00041-001#organisation-381284","rdf:type":["foaf:Organization","prov:Agent"],"par:role":"person:023-00041-001#amt-381284","foaf:name":"Domstift Konstanz","klosterid":"kloster:3499"},{"@id":"person:023-00041-001#organisation-381285","rdf:type":["foaf:Organization","prov:Agent"],"par:role":"person:023-00041-001#amt-381285","foaf:name":"Kollegiatstift St. Felix und Regula, Z\u00fcrich (Gro\u00dfm\u00fcnster), Schweiz","klosterid":"kloster:3445"}],"aemter":[{"@id":"person:023-00041-001#amt-381282","foaf:name":{"@value":"Bischof","@language":"de"},"par:startDate":"1407","par:endDate":"1410"},{"@id":"person:023-00041-001#amt-381283","foaf:name":{"@value":"Propst","@language":"de"},"par:startDate":"1406","par:endDate":"1422","par:role_at":"person:023-00041-001#organisation-381283"},{"@id":"person:023-00041-001#amt-381284","foaf:name":{"@value":"Dompropst","@language":"de"},"par:startDate":"1391","par:endDate":"1407","par:role_at":"person:023-00041-001#organisation-381284"},{"@id":"person:023-00041-001#amt-381285","foaf:name":{"@value":"Kanonikatsanw\u00e4rter","@language":"de"},"par:startDate":"1389","par:endDate":"1391","par:role_at":"person:023-00041-001#organisation-381285"}],"gndnummer":"gnd:1017854483","gsn":["person:023-00041-001","person:084-00010-001"]}]}