{"records":[{"person":{"id":"334327","modified":"2023-09-28 09:16:23","vorname":"Christian","vornamenvarianten":"","namenspraefix":"","familienname":"","familiennamenvarianten":"","namenszusatz":"von Stablo","herkunftsname":"","titel":"","orden":"","geburtsdatum":"","sterbedatum":"","belegdaten":"um 880","taetigkeit":"Theologischer Autor","gndnummer":"100939023","cerlid":"","wiag":"","wikidata":"","factgrid":"","verwandtschaften":"","anmerkungen":""},"fundstellen":[{"bandnummer":"St NF 13","kurztitel":"St NF 13, Episkopalisierung","banduri":"https:\/\/doi.org\/10.26015\/adwdocs-2492","seiten":"258","seiten_links":[{"label":"258","book_id":"1027","pdf_page":270}]}],"aemter":[{"bezeichnung":"M\u00f6nch","art":"geistlich","institution":"Benediktinerkloster Stablo-Malm\u00e9dy","ort":"Stablo-Malm\u00e9dy","dioezese":"L\u00fcttich","gebiet":"","klosterid":"4623","weihegrad":"Priester","von":"um 880","bis":"","anmerkung":""}],"item.gsn":[{"nummer":"713-00186-001"}],"item":{"art":"Person"}}]}