{"records":[{"person":{"id":"335584","modified":"2023-11-09 16:02:20","vorname":"Ludwig","vornamenvarianten":"","namenspraefix":"von","familienname":"Isenburg","familiennamenvarianten":"Isenburg-B\u00fcdingen","namenszusatz":"","herkunftsname":"","titel":"","orden":"","geburtsdatum":"1422","sterbedatum":"1511","belegdaten":"1422-1511","taetigkeit":"","gndnummer":"136168566","cerlid":"","wiag":"WIAG-Pers-CANON-91154-001","wikidata":"","factgrid":"Q1783252","verwandtschaften":"","anmerkungen":""},"fundstellen":[{"bandnummer":"St NF 12","kurztitel":"St NF 12, Domkapitel K\u00f6ln (1414-1463)","banduri":"https:\/\/doi.org\/10.26015\/adwdocs-1957","seiten":"249, 401, <b>403<\/b>, 404","seiten_links":[{"label":"249","book_id":"1024","pdf_page":259},{"label":" 401","book_id":"1024","pdf_page":411},{"label":" <b>403<\/b>","book_id":"1024","pdf_page":413},{"label":" 404","book_id":"1024","pdf_page":414}]},{"bandnummer":"3F 21","kurztitel":"3. F. 21, Mainzer Erzbisch\u00f6fe von 1396 bis 1484","banduri":"","seiten":"170, 178, 216, 239","seiten_links":[]}],"aemter":[{"bezeichnung":"Domherr","art":"geistlich","institution":"Domstift K\u00f6ln","ort":"K\u00f6ln","dioezese":"K\u00f6ln","gebiet":"","klosterid":"3503","weihegrad":"","von":"1453","bis":"kurz vor 1455","anmerkung":"Edelkanoniker"}],"item.gsn":[{"nummer":"712-00186-001"},{"nummer":"085-00182-001"}],"item":{"art":"Person"}}]}