{"records":[{"person":{"id":"338692","modified":"2024-10-28 21:57:34","vorname":"Karl Theodor","vornamenvarianten":"Carl Theodor","namenspraefix":"Freiherr von","familienname":"Dalberg","familiennamenvarianten":"","namenszusatz":"","herkunftsname":"","titel":"","orden":"","geburtsdatum":"1744","sterbedatum":"1817","belegdaten":"1744\u20131817","taetigkeit":"Primas der deutschen Kirche (1803\u20131806)","gndnummer":"118720961","cerlid":"","wiag":"WIAG-Pers-EPISCGatz-12636-001","wikidata":"Q61353","factgrid":"Q226","verwandtschaften":"","anmerkungen":""},"fundstellen":[{"bandnummer":"3F 22","kurztitel":"3. F. 22, Trierer Erzbisch\u00f6fe von 1623 bis 1802","banduri":"","seiten":"1033, 1127","seiten_links":[]},{"bandnummer":"3F 18","kurztitel":"3. F. 18, W\u00fcrzburger Bisch\u00f6fe von 1746 bis 1802","banduri":"https:\/\/doi.org\/10.26015\/adwdocs-1733","seiten":"36, 51, 62\u201365, 71, 76f., 84, 86, 99f., 102, 310, 336, 396\u2013398, 428, 438, 442, 446, 451f., 455, 464\u2013467, 472, 482, 489\u2013491, 493, 501, 509, 526, 554, 563, 565\u2013567, 571, 577, 580, 591, 640","seiten_links":[{"label":"36","book_id":"1020","pdf_page":54},{"label":" 51","book_id":"1020","pdf_page":69},{"label":" 62\u201365","book_id":"1020","pdf_page":80},{"label":" 71","book_id":"1020","pdf_page":89},{"label":" 76f.","book_id":"1020","pdf_page":94},{"label":" 84","book_id":"1020","pdf_page":102},{"label":" 86","book_id":"1020","pdf_page":104},{"label":" 99f.","book_id":"1020","pdf_page":117},{"label":" 102","book_id":"1020","pdf_page":120},{"label":" 310","book_id":"1020","pdf_page":328},{"label":" 336","book_id":"1020","pdf_page":354},{"label":" 396\u2013398","book_id":"1020","pdf_page":414},{"label":" 428","book_id":"1020","pdf_page":446},{"label":" 438","book_id":"1020","pdf_page":456},{"label":" 442","book_id":"1020","pdf_page":460},{"label":" 446","book_id":"1020","pdf_page":464},{"label":" 451f.","book_id":"1020","pdf_page":469},{"label":" 455","book_id":"1020","pdf_page":473},{"label":" 464\u2013467","book_id":"1020","pdf_page":482},{"label":" 472","book_id":"1020","pdf_page":490},{"label":" 482","book_id":"1020","pdf_page":500},{"label":" 489\u2013491","book_id":"1020","pdf_page":507},{"label":" 493","book_id":"1020","pdf_page":511},{"label":" 501","book_id":"1020","pdf_page":519},{"label":" 509","book_id":"1020","pdf_page":527},{"label":" 526","book_id":"1020","pdf_page":544},{"label":" 554","book_id":"1020","pdf_page":572},{"label":" 563","book_id":"1020","pdf_page":581},{"label":" 565\u2013567","book_id":"1020","pdf_page":583},{"label":" 571","book_id":"1020","pdf_page":589},{"label":" 577","book_id":"1020","pdf_page":595},{"label":" 580","book_id":"1020","pdf_page":598},{"label":" 591","book_id":"1020","pdf_page":609},{"label":" 640","book_id":"1020","pdf_page":658}]},{"bandnummer":"3F 13","kurztitel":"3. F. 13, Regensburger Bisch\u00f6fe 1649-1817","banduri":"https:\/\/doi.org\/10.26015\/adwdocs-536","seiten":"25, 27, 33, 101, 359f., <b>365\u2013418<\/b>, 450","seiten_links":[{"label":"25","book_id":"1003","pdf_page":37},{"label":" 27","book_id":"1003","pdf_page":39},{"label":" 33","book_id":"1003","pdf_page":45},{"label":" 101","book_id":"1003","pdf_page":113},{"label":" 359f.","book_id":"1003","pdf_page":371},{"label":" <b>365\u2013418<\/b>","book_id":"1003","pdf_page":377},{"label":" 450","book_id":"1003","pdf_page":462}]},{"bandnummer":"3F 12","kurztitel":"3.F. 12, Bamberger Bisch\u00f6fe 1693\u20131802","banduri":"https:\/\/doi.org\/10.26015\/adwdocs-537","seiten":"318, 346, 383, 409","seiten_links":[{"label":"318","book_id":"164","pdf_page":340},{"label":" 346","book_id":"164","pdf_page":368},{"label":" 383","book_id":"164","pdf_page":405},{"label":" 409","book_id":"164","pdf_page":431}]},{"bandnummer":"NF 26","kurztitel":"NF 26, Stift Neum\u00fcnster in W\u00fcrzburg","banduri":"https:\/\/doi.org\/10.26015\/adwdocs-94","seiten":"808","seiten_links":[{"label":"808","book_id":"36","pdf_page":824}]}],"aemter":[{"bezeichnung":"Erzbischof","art":"geistlich","institution":"","ort":"","dioezese":"Mainz","gebiet":"","klosterid":"","weihegrad":"","von":"1802","bis":"1817","anmerkung":""},{"bezeichnung":"Erzbischof","art":"geistlich","institution":"","ort":"","dioezese":"Regensburg","gebiet":"","klosterid":"","weihegrad":"","von":"1803","bis":"1817","anmerkung":""},{"bezeichnung":"Bischof","art":"geistlich","institution":"","ort":"","dioezese":"Worms","gebiet":"","klosterid":"","weihegrad":"","von":"1802","bis":"1817","anmerkung":""},{"bezeichnung":"Bischof","art":"geistlich","institution":"","ort":"","dioezese":"Konstanz","gebiet":"","klosterid":"","weihegrad":"","von":"1800","bis":"1817","anmerkung":""},{"bezeichnung":"Domherr","art":"geistlich","institution":"Domstift Mainz","ort":"Mainz","dioezese":"Mainz","gebiet":"","klosterid":"3501","weihegrad":"","von":"1786","bis":"","anmerkung":""},{"bezeichnung":"Dompropst","art":"geistlich","institution":"Domstift W\u00fcrzburg","ort":"W\u00fcrzburg","dioezese":"W\u00fcrzburg","gebiet":"","klosterid":"3502","weihegrad":"","von":"1797","bis":"","anmerkung":""},{"bezeichnung":"Propst","art":"geistlich","institution":"Zisterzienserinnenkloster Wechterswinkel","ort":"Bastheim","dioezese":"W\u00fcrzburg","gebiet":"","klosterid":"60413","weihegrad":"","von":"1780","bis":"","anmerkung":""}],"item.gsn":[{"nummer":"076-00855-001"},{"nummer":"036-00632-001"},{"nummer":"077-00469-001"},{"nummer":"082-00177-001"},{"nummer":"086-00421-001"}],"item":{"art":"Person"}}]}