{"records":[{"person":{"id":"324763","modified":"2020-09-25 14:46:34","vorname":"Georg Adam","vornamenvarianten":"","namenspraefix":"von","familienname":"Fechenbach","familiennamenvarianten":"","namenszusatz":"","herkunftsname":"","titel":"","orden":"","geburtsdatum":"","sterbedatum":"1772","belegdaten":"1707\u20131772","taetigkeit":"","gndnummer":"121115712","cerlid":"","wiag":"WIAG-Pers-EPISCGatz-10187-001","wikidata":"Q55849793","factgrid":"Q654486","verwandtschaften":"","anmerkungen":""},"fundstellen":[{"bandnummer":"3F 18","kurztitel":"3. F. 18, W\u00fcrzburger Bisch\u00f6fe von 1746 bis 1802","banduri":"https:\/\/doi.org\/10.26015\/adwdocs-1733","seiten":"245, 333, 561, 563","seiten_links":[{"label":"245","book_id":"1020","pdf_page":263},{"label":" 333","book_id":"1020","pdf_page":351},{"label":" 561","book_id":"1020","pdf_page":579},{"label":" 563","book_id":"1020","pdf_page":581}]},{"bandnummer":"3F 12","kurztitel":"3.F. 12, Bamberger Bisch\u00f6fe 1693\u20131802","banduri":"https:\/\/doi.org\/10.26015\/adwdocs-537","seiten":"241","seiten_links":[{"label":"241","book_id":"164","pdf_page":263}]}],"aemter":[{"bezeichnung":"Domherr","art":"geistlich","institution":"Domstift W\u00fcrzburg","ort":"W\u00fcrzburg","dioezese":"W\u00fcrzburg","gebiet":"","klosterid":"3502","weihegrad":"","von":"1755","bis":"1758","anmerkung":""},{"bezeichnung":"Domdekan","art":"geistlich","institution":"Domstift Mainz","ort":"Mainz","dioezese":"Mainz","gebiet":"","klosterid":"3501","weihegrad":"","von":"1763","bis":"1772","anmerkung":""}],"item.gsn":[{"nummer":"076-00475-001"},{"nummer":"082-00254-001"}],"item":{"art":"Person"}}]}