{"records":[{"person":{"id":"338736","modified":"2024-10-29 23:08:21","vorname":"Pius VII.","vornamenvarianten":"","namenspraefix":"","familienname":"","familiennamenvarianten":"","namenszusatz":"Luigi Barnaba Niccol\u00f2 Maria Chiaramonti","herkunftsname":"","titel":"","orden":"","geburtsdatum":"1742","sterbedatum":"1823","belegdaten":"1800\u20131823","taetigkeit":"","gndnummer":"118792431","cerlid":"","wiag":"","wikidata":"Q124754","factgrid":"","verwandtschaften":"","anmerkungen":""},"fundstellen":[{"bandnummer":"3F 22","kurztitel":"3. F. 22, Trierer Erzbisch\u00f6fe von 1623 bis 1802","banduri":"","seiten":"1124f., 1127","seiten_links":[]},{"bandnummer":"3F 18","kurztitel":"3. F. 18, W\u00fcrzburger Bisch\u00f6fe von 1746 bis 1802","banduri":"https:\/\/doi.org\/10.26015\/adwdocs-1733","seiten":"586, 588","seiten_links":[{"label":"586","book_id":"1020","pdf_page":604},{"label":" 588","book_id":"1020","pdf_page":606}]},{"bandnummer":"3F 17","kurztitel":"3. F. 17, Benediktinerabtei St. Peter im Schwarzwald","banduri":"https:\/\/doi.org\/10.26015\/adwdocs-1476","seiten":"79, 480","seiten_links":[{"label":"79","book_id":"1016","pdf_page":95},{"label":" 480","book_id":"1016","pdf_page":496}]},{"bandnummer":"3F 13","kurztitel":"3. F. 13, Regensburger Bisch\u00f6fe 1649-1817","banduri":"https:\/\/doi.org\/10.26015\/adwdocs-536","seiten":"382f., 397f., 406, 409f., 412, 450","seiten_links":[{"label":"382f.","book_id":"1003","pdf_page":394},{"label":" 397f.","book_id":"1003","pdf_page":409},{"label":" 406","book_id":"1003","pdf_page":418},{"label":" 409f.","book_id":"1003","pdf_page":421},{"label":" 412","book_id":"1003","pdf_page":424},{"label":" 450","book_id":"1003","pdf_page":462}]},{"bandnummer":"3F 12","kurztitel":"3.F. 12, Bamberger Bisch\u00f6fe 1693\u20131802","banduri":"https:\/\/doi.org\/10.26015\/adwdocs-537","seiten":"382, 384f., 407","seiten_links":[{"label":"382","book_id":"164","pdf_page":404},{"label":" 384f.","book_id":"164","pdf_page":406},{"label":" 407","book_id":"164","pdf_page":429}]},{"bandnummer":"3F 9","kurztitel":"3. F. 9, St. Zeno in Reichenhall","banduri":"https:\/\/doi.org\/10.26015\/adwdocs-533","seiten":"294","seiten_links":[{"label":"294","book_id":"162","pdf_page":310}]},{"bandnummer":"3F 1","kurztitel":"3. F. 1, Kloster St. Aegidii zu M\u00fcnster","banduri":"https:\/\/doi.org\/10.26015\/adwdocs-247","seiten":"163","seiten_links":[{"label":"163","book_id":"65","pdf_page":187}]},{"bandnummer":"NF 37,4","kurztitel":"NF 37,4, Di\u00f6zese M\u00fcnster, Bisch\u00f6fe 805-1801","banduri":"https:\/\/doi.org\/10.26015\/adwdocs-105","seiten":"90","seiten_links":[{"label":"90","book_id":"51","pdf_page":112}]},{"bandnummer":"NF 37,3","kurztitel":"NF 37,3, Di\u00f6zese M\u00fcnster","banduri":"https:\/\/doi.org\/10.26015\/adwdocs-104","seiten":"717, 729","seiten_links":[{"label":"717","book_id":"50","pdf_page":761},{"label":" 729","book_id":"50","pdf_page":773}]},{"bandnummer":"NF 37,2","kurztitel":"NF 37,2, Di\u00f6zese M\u00fcnster","banduri":"https:\/\/doi.org\/10.26015\/adwdocs-103","seiten":"79","seiten_links":[{"label":"79","book_id":"49","pdf_page":91}]},{"bandnummer":"NF 33","kurztitel":"NF 33, Stift Alter Dom St. Pauli in M\u00fcnster","banduri":"https:\/\/doi.org\/10.26015\/adwdocs-98","seiten":"58","seiten_links":[{"label":"58","book_id":"43","pdf_page":72}]},{"bandnummer":"NF 31","kurztitel":"NF 31, Benediktinerabtei Laach","banduri":"https:\/\/doi.org\/10.26015\/adwdocs-96","seiten":"124","seiten_links":[{"label":"124","book_id":"41","pdf_page":136}]},{"bandnummer":"NF 26","kurztitel":"NF 26, Stift Neum\u00fcnster in W\u00fcrzburg","banduri":"https:\/\/doi.org\/10.26015\/adwdocs-94","seiten":"665","seiten_links":[{"label":"665","book_id":"36","pdf_page":681}]},{"bandnummer":"NF 6","kurztitel":"NF 6, Stift St. Paulin vor Trier","banduri":"https:\/\/doi.org\/10.26015\/adwdocs-83","seiten":"759","seiten_links":[{"label":"759","book_id":"14","pdf_page":773}]}],"aemter":[{"bezeichnung":"Papst","art":"geistlich","institution":"","ort":"","dioezese":"","gebiet":"","klosterid":"","weihegrad":"","von":"1800","bis":"1823","anmerkung":""}],"item.gsn":[{"nummer":"073-01122-001"},{"nummer":"081-01296-001"},{"nummer":"082-00847-001"},{"nummer":"076-01199-001"},{"nummer":"077-00705-001"},{"nummer":"014-02244-001"},{"nummer":"036-03641-001"},{"nummer":"041-02152-001"},{"nummer":"043-03898-001"},{"nummer":"049-07019-001"},{"nummer":"050-06199-001"},{"nummer":"051-02225-001"},{"nummer":"065-03674-001"},{"nummer":"086-00551-001"}],"item":{"art":"Person"}}]}