{"records":[{"person":{"id":"341620","modified":"2026-02-23 13:46:42","vorname":"Johann Philipp II.","vornamenvarianten":"","namenspraefix":"von","familienname":"Greiffenclau","familiennamenvarianten":"Greiffenclau-Vollraths, Greiffenclau-Vollrads","namenszusatz":"","herkunftsname":"","titel":"","orden":"","geburtsdatum":"1652","sterbedatum":"1719","belegdaten":"1699\u20131719","taetigkeit":"","gndnummer":"118911740","cerlid":"","wiag":"WIAG-Pers-EPISCGatz-10270-001","wikidata":"Q87583","factgrid":"Q654698","verwandtschaften":"","anmerkungen":""},"fundstellen":[{"bandnummer":"3F 27","kurztitel":"3. F. 27, Die Trierer Erzbisch\u00f6fe von 1456 bis 1547","banduri":"","seiten":"217","seiten_links":[]},{"bandnummer":"3F 18","kurztitel":"3. F. 18, W\u00fcrzburger Bisch\u00f6fe von 1746 bis 1802","banduri":"https:\/\/doi.org\/10.26015\/adwdocs-1733","seiten":"164\u2013167, 212, 222, 225, 651","seiten_links":[{"label":"164\u2013167","book_id":"1020","pdf_page":182},{"label":" 212","book_id":"1020","pdf_page":230},{"label":" 222","book_id":"1020","pdf_page":240},{"label":" 225","book_id":"1020","pdf_page":243},{"label":" 651","book_id":"1020","pdf_page":669}]},{"bandnummer":"3F 12","kurztitel":"3.F. 12, Bamberger Bisch\u00f6fe 1693\u20131802","banduri":"https:\/\/doi.org\/10.26015\/adwdocs-537","seiten":"33, 45, 104","seiten_links":[{"label":"33","book_id":"164","pdf_page":55},{"label":" 45","book_id":"164","pdf_page":67},{"label":" 104","book_id":"164","pdf_page":126}]},{"bandnummer":"3F 8","kurztitel":"3. F. 8, W\u00fcrzburger Bisch\u00f6fe 1684\u20131746","banduri":"https:\/\/doi.org\/10.26015\/adwdocs-532","seiten":"31, 36, 40, 55, 58, 73f., 76, 78, 81f., <b>201\u2013284<\/b>, 292, 294, 303, 305, 311f., 325, 338, 354, 366, 396, 562","seiten_links":[{"label":"31","book_id":"157","pdf_page":45},{"label":" 36","book_id":"157","pdf_page":50},{"label":" 40","book_id":"157","pdf_page":54},{"label":" 55","book_id":"157","pdf_page":69},{"label":" 58","book_id":"157","pdf_page":72},{"label":" 73f.","book_id":"157","pdf_page":87},{"label":" 76","book_id":"157","pdf_page":90},{"label":" 78","book_id":"157","pdf_page":92},{"label":" 81f.","book_id":"157","pdf_page":95},{"label":" <b>201\u2013284<\/b>","book_id":"157","pdf_page":215},{"label":" 292","book_id":"157","pdf_page":306},{"label":" 294","book_id":"157","pdf_page":308},{"label":" 303","book_id":"157","pdf_page":317},{"label":" 305","book_id":"157","pdf_page":319},{"label":" 311f.","book_id":"157","pdf_page":325},{"label":" 325","book_id":"157","pdf_page":339},{"label":" 338","book_id":"157","pdf_page":352},{"label":" 354","book_id":"157","pdf_page":368},{"label":" 366","book_id":"157","pdf_page":380},{"label":" 396","book_id":"157","pdf_page":410},{"label":" 562","book_id":"157","pdf_page":576}]},{"bandnummer":"3F 4","kurztitel":"3. F. 4, W\u00fcrzburger Bisch\u00f6fe 1617-1684","banduri":"https:\/\/doi.org\/10.26015\/adwdocs-370","seiten":"377","seiten_links":[{"label":"377","book_id":"68","pdf_page":391}]},{"bandnummer":"NF 40","kurztitel":"NF 40, St. Burkard in W\u00fcrzburg","banduri":"https:\/\/doi.org\/10.26015\/adwdocs-132","seiten":"327","seiten_links":[{"label":"327","book_id":"54","pdf_page":341}]},{"bandnummer":"NF 26","kurztitel":"NF 26, Stift Neum\u00fcnster in W\u00fcrzburg","banduri":"https:\/\/doi.org\/10.26015\/adwdocs-94","seiten":"74, 87, 363f.","seiten_links":[{"label":"74","book_id":"36","pdf_page":90},{"label":" 87","book_id":"36","pdf_page":103},{"label":" 363f.","book_id":"36","pdf_page":379}]}],"aemter":[{"bezeichnung":"Bischof","art":"geistlich","institution":"","ort":"","dioezese":"W\u00fcrzburg","gebiet":"","klosterid":"","weihegrad":"","von":"1699","bis":"1719","anmerkung":""},{"bezeichnung":"Domherr","art":"geistlich","institution":"Domstift W\u00fcrzburg","ort":"W\u00fcrzburg","dioezese":"W\u00fcrzburg","gebiet":"","klosterid":"3502","weihegrad":"","von":"1666","bis":"","anmerkung":""},{"bezeichnung":"Kanoniker","art":"geistlich","institution":"Kollegiatstift St. Alban","ort":"Mainz","dioezese":"Mainz","gebiet":"","klosterid":"3241","weihegrad":"","von":"1666","bis":"","anmerkung":""},{"bezeichnung":"Domkantor","art":"geistlich","institution":"Domstift Mainz","ort":"Mainz","dioezese":"Mainz","gebiet":"","klosterid":"3501","weihegrad":"","von":"1687","bis":"","anmerkung":"Domherr seit 1664"},{"bezeichnung":"Domherr","art":"geistlich","institution":"Domstift Trier","ort":"Trier","dioezese":"Trier","gebiet":"","klosterid":"3500","weihegrad":"","von":"1664","bis":"","anmerkung":""}],"item.gsn":[{"nummer":"072-01284-001"},{"nummer":"036-02804-001"},{"nummer":"054-01564-001"},{"nummer":"068-01705-001"},{"nummer":"076-00815-001"},{"nummer":"082-01193-001"},{"nummer":"091-00196-001"}],"item":{"art":"Person"}}]}