{"records":[{"person":{"id":"333526","modified":"2023-07-29 18:08:46","vorname":"Alexander IV.","vornamenvarianten":"","namenspraefix":"","familienname":"","familiennamenvarianten":"","namenszusatz":"Rainald Graf von Segni","herkunftsname":"","titel":"","orden":"","geburtsdatum":"","sterbedatum":"1261","belegdaten":"1254\u20131261","taetigkeit":"","gndnummer":"100936040","cerlid":"","wiag":"","wikidata":"Q169915","factgrid":"","verwandtschaften":"","anmerkungen":""},"fundstellen":[{"bandnummer":"S 5","kurztitel":"S5, Hildesheimer Weihbisch\u00f6fe bis 1504","banduri":"https:\/\/doi.org\/10.26015\/adwdocs-4442","seiten":"28","seiten_links":[{"label":"28","book_id":"1029","pdf_page":36}]},{"bandnummer":"3F 19","kurztitel":"3. F. 19, Domstift Naumburg","banduri":"https:\/\/doi.org\/10.26015\/adwdocs-1899","seiten":"478, 527, 604","seiten_links":[{"label":"478","book_id":"1022","pdf_page":494},{"label":" 527","book_id":"1022","pdf_page":543},{"label":" 604","book_id":"1022","pdf_page":620}]},{"bandnummer":"3F 16","kurztitel":"3. F. 16, Pr\u00e4monstratenserstifte Ober- und Nieder-Ilbenstadt","banduri":"https:\/\/doi.org\/10.26015\/adwdocs-1475","seiten":"173, 348, 814","seiten_links":[{"label":"173","book_id":"1015","pdf_page":193},{"label":" 348","book_id":"1015","pdf_page":368},{"label":" 814","book_id":"1015","pdf_page":834}]},{"bandnummer":"3F 14","kurztitel":"3. F. 14, Zisterzienserabtei Marienstatt","banduri":"https:\/\/doi.org\/10.26015\/adwdocs-668","seiten":"89, 120","seiten_links":[{"label":"89","book_id":"1004","pdf_page":105},{"label":" 120","book_id":"1004","pdf_page":136}]},{"bandnummer":"3F 9","kurztitel":"3. F. 9, St. Zeno in Reichenhall","banduri":"https:\/\/doi.org\/10.26015\/adwdocs-533","seiten":"197, 476, 551","seiten_links":[{"label":"197","book_id":"162","pdf_page":213},{"label":" 476","book_id":"162","pdf_page":492},{"label":" 551","book_id":"162","pdf_page":567}]},{"bandnummer":"3F 6","kurztitel":"3. F. 6, Zisterzienserabtei Bredelar","banduri":"https:\/\/doi.org\/10.26015\/adwdocs-530","seiten":"61f., 115\u2013118, 203","seiten_links":[{"label":"61f.","book_id":"141","pdf_page":75},{"label":" 115\u2013118","book_id":"141","pdf_page":129},{"label":" 203","book_id":"141","pdf_page":217}]},{"bandnummer":"3F 5","kurztitel":"3. F. 5, Pr\u00e4monstratenserstift Marchtal","banduri":"https:\/\/doi.org\/10.26015\/adwdocs-435","seiten":"252","seiten_links":[{"label":"252","book_id":"69","pdf_page":268}]},{"bandnummer":"3F 2","kurztitel":"3. F. 2, Zisterzienserabtei Marienfeld","banduri":"https:\/\/doi.org\/10.26015\/adwdocs-248","seiten":"131, 167, 192, 435","seiten_links":[{"label":"131","book_id":"66","pdf_page":152},{"label":" 167","book_id":"66","pdf_page":188},{"label":" 192","book_id":"66","pdf_page":213},{"label":" 435","book_id":"66","pdf_page":456}]},{"bandnummer":"NF 48","kurztitel":"NF 48, St. Marien-Stift in Kyllburg","banduri":"https:\/\/doi.org\/10.26015\/adwdocs-115","seiten":"135","seiten_links":[{"label":"135","book_id":"62","pdf_page":147}]},{"bandnummer":"NF 46","kurztitel":"NF 46, Hildesheimer Bisch\u00f6fe 1221-1398","banduri":"https:\/\/doi.org\/10.26015\/adwdocs-113","seiten":"146\u2013148, 167, 180, 184f., 203, 214, 296A","seiten_links":[{"label":"146\u2013148","book_id":"60","pdf_page":160},{"label":" 167","book_id":"60","pdf_page":181},{"label":" 180","book_id":"60","pdf_page":194},{"label":" 184f.","book_id":"60","pdf_page":198},{"label":" 203","book_id":"60","pdf_page":217},{"label":" 214","book_id":"60","pdf_page":228},{"label":" 296A","book_id":"60","pdf_page":310}]},{"bandnummer":"NF 45","kurztitel":"NF 45, Eichst\u00e4tter Bisch\u00f6fe bis 1535","banduri":"https:\/\/doi.org\/10.26015\/adwdocs-112","seiten":"109","seiten_links":[{"label":"109","book_id":"59","pdf_page":123}]},{"bandnummer":"NF 40","kurztitel":"NF 40, St. Burkard in W\u00fcrzburg","banduri":"https:\/\/doi.org\/10.26015\/adwdocs-132","seiten":"135","seiten_links":[{"label":"135","book_id":"54","pdf_page":149}]},{"bandnummer":"NF 37,4","kurztitel":"NF 37,4, Di\u00f6zese M\u00fcnster, Bisch\u00f6fe 805-1801","banduri":"https:\/\/doi.org\/10.26015\/adwdocs-105","seiten":"4","seiten_links":[{"label":"4","book_id":"51","pdf_page":26}]},{"bandnummer":"NF 37,3","kurztitel":"NF 37,3, Di\u00f6zese M\u00fcnster","banduri":"https:\/\/doi.org\/10.26015\/adwdocs-104","seiten":"317, 325","seiten_links":[{"label":"317","book_id":"50","pdf_page":361},{"label":" 325","book_id":"50","pdf_page":369}]},{"bandnummer":"NF 37,2","kurztitel":"NF 37,2, Di\u00f6zese M\u00fcnster","banduri":"https:\/\/doi.org\/10.26015\/adwdocs-103","seiten":"72","seiten_links":[{"label":"72","book_id":"49","pdf_page":84}]},{"bandnummer":"NF 34","kurztitel":"NF 34, Benediktinerabtei St. Eucharius - St. Matthias vor Trier","banduri":"https:\/\/doi.org\/10.26015\/adwdocs-130","seiten":"257, 603","seiten_links":[{"label":"257","book_id":"44","pdf_page":273},{"label":" 603","book_id":"44","pdf_page":619}]},{"bandnummer":"NF 26","kurztitel":"NF 26, Stift Neum\u00fcnster in W\u00fcrzburg","banduri":"https:\/\/doi.org\/10.26015\/adwdocs-94","seiten":"286, 370, 463","seiten_links":[{"label":"286","book_id":"36","pdf_page":302},{"label":" 370","book_id":"36","pdf_page":386},{"label":" 463","book_id":"36","pdf_page":479}]},{"bandnummer":"NF 19","kurztitel":"NF 19, Stift St. Kastor in Karden an der Mosel","banduri":"https:\/\/doi.org\/10.26015\/adwdocs-246","seiten":"301","seiten_links":[{"label":"301","book_id":"29","pdf_page":313}]},{"bandnummer":"NF 18","kurztitel":"NF 18, Zisterzienserinnenkl\u00f6ster Saarn, Duissern, Sterkrade","banduri":"https:\/\/doi.org\/10.26015\/adwdocs-123","seiten":"159","seiten_links":[{"label":"159","book_id":"28","pdf_page":171}]},{"bandnummer":"NF 17,1","kurztitel":"NF 17,1, Domstift St. Paulus zu M\u00fcnster","banduri":"https:\/\/doi.org\/10.26015\/adwdocs-88","seiten":"143, 442, 514","seiten_links":[{"label":"143","book_id":"25","pdf_page":159},{"label":" 442","book_id":"25","pdf_page":458},{"label":" 514","book_id":"25","pdf_page":530}]},{"bandnummer":"NF 15","kurztitel":"NF 15, Stift St. Stephan in Konstanz","banduri":"https:\/\/doi.org\/10.26015\/adwdocs-87","seiten":"71","seiten_links":[{"label":"71","book_id":"23","pdf_page":85}]},{"bandnummer":"NF 12","kurztitel":"NF 12, Reichsabtei Werden an der Ruhr","banduri":"https:\/\/doi.org\/10.26015\/adwdocs-121","seiten":"154","seiten_links":[{"label":"154","book_id":"20","pdf_page":170}]},{"bandnummer":"NF 9","kurztitel":"NF 9, Benediktinerabtei Siegburg","banduri":"https:\/\/doi.org\/10.26015\/adwdocs-119","seiten":"85","seiten_links":[{"label":"85","book_id":"17","pdf_page":95}]},{"bandnummer":"NF 6","kurztitel":"NF 6, Stift St. Paulin vor Trier","banduri":"https:\/\/doi.org\/10.26015\/adwdocs-83","seiten":"246, 450","seiten_links":[{"label":"246","book_id":"14","pdf_page":260},{"label":" 450","book_id":"14","pdf_page":464}]},{"bandnummer":"NF 4","kurztitel":"NF 4, W\u00fcrzburger Bisch\u00f6fe 1254-1455","banduri":"https:\/\/doi.org\/10.26015\/adwdocs-81","seiten":"4\u20136, 12, 27, 63, 119","seiten_links":[{"label":"4\u20136","book_id":"12","pdf_page":16},{"label":" 12","book_id":"12","pdf_page":24},{"label":" 27","book_id":"12","pdf_page":39},{"label":" 63","book_id":"12","pdf_page":75},{"label":" 119","book_id":"12","pdf_page":131}]},{"bandnummer":"NF 1","kurztitel":"NF 1, W\u00fcrzburger Bisch\u00f6fe bis 1254","banduri":"https:\/\/doi.org\/10.26015\/adwdocs-73","seiten":"100","seiten_links":[{"label":"100","book_id":"9","pdf_page":114}]},{"bandnummer":"AF II, 1966","kurztitel":"AF II, Bistum Bamberg, Pfarreiorganisation","banduri":"https:\/\/doi.org\/10.26015\/adwdocs-343","seiten":"218, 266","seiten_links":[{"label":"218","book_id":"7","pdf_page":226},{"label":" 266","book_id":"7","pdf_page":274}]},{"bandnummer":"AF I, 1972","kurztitel":"AF I, Dom- und Kollegiatstifte Magdeburg","banduri":"https:\/\/doi.org\/10.26015\/adwdocs-341","seiten":"156","seiten_links":[{"label":"156","book_id":"130","pdf_page":174}]},{"bandnummer":"AF I, 1941","kurztitel":"AF I, Bistum Brandenburg 2","banduri":"https:\/\/doi.org\/10.26015\/adwdocs-339","seiten":"362, 374","seiten_links":[{"label":"362","book_id":"2","pdf_page":374},{"label":" 374","book_id":"2","pdf_page":386}]},{"bandnummer":"AF I, 1929","kurztitel":"AF I, Bistum Brandenburg 1","banduri":"https:\/\/doi.org\/10.26015\/adwdocs-344","seiten":"93, 338, 383","seiten_links":[{"label":"93","book_id":"1","pdf_page":109},{"label":" 338","book_id":"1","pdf_page":354},{"label":" 383","book_id":"1","pdf_page":399}]}],"aemter":[{"bezeichnung":"Papst","art":"geistlich","institution":"","ort":"","dioezese":"","gebiet":"","klosterid":"","weihegrad":"","von":"1254","bis":"1261","anmerkung":""}],"item.gsn":[{"nummer":"069-00060-001"},{"nummer":"014-00042-001"},{"nummer":"017-00064-001"},{"nummer":"020-00094-001"},{"nummer":"036-00075-001"},{"nummer":"044-00097-001"},{"nummer":"059-00057-001"},{"nummer":"062-00020-002"},{"nummer":"005-00167-001"},{"nummer":"007-00095-001"},{"nummer":"009-00052-001"},{"nummer":"012-00043-001"},{"nummer":"023-00056-001"},{"nummer":"025-00193-001"},{"nummer":"028-00056-001"},{"nummer":"029-00045-001"},{"nummer":"049-00182-001"},{"nummer":"050-00254-001"},{"nummer":"051-00063-001"},{"nummer":"054-00038-001"},{"nummer":"060-00110-001"},{"nummer":"062-00020-001"},{"nummer":"002-00039-0025"},{"nummer":"066-00116-001"},{"nummer":"070-00047-001"},{"nummer":"073-00024-001"},{"nummer":"078-00049-001"},{"nummer":"080-00131-001"},{"nummer":"083-00048-001"},{"nummer":"306-00008-001"}],"item":{"art":"Person"}}]}