{"records":[{"person":{"id":"341669","modified":"2026-02-26 15:42:31","vorname":"Leo X.","vornamenvarianten":"","namenspraefix":"","familienname":"","familiennamenvarianten":"","namenszusatz":"Giovanni de Medici","herkunftsname":"","titel":"","orden":"","geburtsdatum":"1475","sterbedatum":"1521","belegdaten":"1513\u20131521","taetigkeit":"","gndnummer":"118640437","cerlid":"","wiag":"","wikidata":"Q49237","factgrid":"","verwandtschaften":"","anmerkungen":""},"fundstellen":[{"bandnummer":"3F 27","kurztitel":"3. F. 27, Die Trierer Erzbisch\u00f6fe von 1456 bis 1547","banduri":"","seiten":"224, 238, 263f., 266, 274","seiten_links":[]},{"bandnummer":"3F 19","kurztitel":"3. F. 19, Domstift Naumburg","banduri":"https:\/\/doi.org\/10.26015\/adwdocs-1899","seiten":"483, 1279","seiten_links":[{"label":"483","book_id":"1022","pdf_page":499},{"label":" 1279","book_id":"1022","pdf_page":1295}]},{"bandnummer":"3F 17","kurztitel":"3. F. 17, Benediktinerabtei St. Peter im Schwarzwald","banduri":"https:\/\/doi.org\/10.26015\/adwdocs-1476","seiten":"113, 397","seiten_links":[{"label":"113","book_id":"1016","pdf_page":129},{"label":" 397","book_id":"1016","pdf_page":413}]},{"bandnummer":"3F 11","kurztitel":"3. F. 11, St. Maximin vor Trier","banduri":"https:\/\/doi.org\/10.26015\/adwdocs-535","seiten":"71, 93, 103, 176, 553, 839, 1094","seiten_links":[{"label":"71","book_id":"1002","pdf_page":89},{"label":" 93","book_id":"1002","pdf_page":111},{"label":" 103","book_id":"1002","pdf_page":121},{"label":" 176","book_id":"1002","pdf_page":194},{"label":" 553","book_id":"1002","pdf_page":571},{"label":" 839","book_id":"1002","pdf_page":857},{"label":" 1094","book_id":"1002","pdf_page":1112}]},{"bandnummer":"3F 10","kurztitel":"3. F. 10, St. Martin und St. Severus zu M\u00fcnstermaifeld","banduri":"https:\/\/doi.org\/10.26015\/adwdocs-534","seiten":"202, 283, 748","seiten_links":[{"label":"202","book_id":"163","pdf_page":226},{"label":" 283","book_id":"163","pdf_page":307},{"label":" 748","book_id":"163","pdf_page":772}]},{"bandnummer":"3F 9","kurztitel":"3. F. 9, St. Zeno in Reichenhall","banduri":"https:\/\/doi.org\/10.26015\/adwdocs-533","seiten":"197","seiten_links":[{"label":"197","book_id":"162","pdf_page":213}]},{"bandnummer":"3F 7","kurztitel":"3. F. 7, Kollegiatstift St. Petri zu Bautzen","banduri":"https:\/\/doi.org\/10.26015\/adwdocs-531","seiten":"803, 990","seiten_links":[{"label":"803","book_id":"156","pdf_page":815},{"label":" 990","book_id":"156","pdf_page":1002}]},{"bandnummer":"3F 2","kurztitel":"3. F. 2, Zisterzienserabtei Marienfeld","banduri":"https:\/\/doi.org\/10.26015\/adwdocs-248","seiten":"129, 136","seiten_links":[{"label":"129","book_id":"66","pdf_page":150},{"label":" 136","book_id":"66","pdf_page":157}]},{"bandnummer":"NF 49","kurztitel":"NF 49, Stift St. Nikolaus in Stendal","banduri":"https:\/\/doi.org\/10.26015\/adwdocs-116","seiten":"113","seiten_links":[{"label":"113","book_id":"63","pdf_page":123}]},{"bandnummer":"NF 45","kurztitel":"NF 45, Eichst\u00e4tter Bisch\u00f6fe bis 1535","banduri":"https:\/\/doi.org\/10.26015\/adwdocs-112","seiten":"248","seiten_links":[{"label":"248","book_id":"59","pdf_page":262}]},{"bandnummer":"NF 38,1","kurztitel":"NF 38,1, Bamberger Bisch\u00f6fe 1522-1693","banduri":"https:\/\/doi.org\/10.26015\/adwdocs-106","seiten":"21, 599","seiten_links":[{"label":"21","book_id":"52","pdf_page":37},{"label":" 599","book_id":"52","pdf_page":615}]},{"bandnummer":"NF 37,4","kurztitel":"NF 37,4, Di\u00f6zese M\u00fcnster, Bisch\u00f6fe 805-1801","banduri":"https:\/\/doi.org\/10.26015\/adwdocs-105","seiten":"31","seiten_links":[{"label":"31","book_id":"51","pdf_page":53}]},{"bandnummer":"NF 36","kurztitel":"NF 36, Stifte in Schmalkalden und R\u00f6mhild","banduri":"https:\/\/doi.org\/10.26015\/adwdocs-101","seiten":"49, 64","seiten_links":[{"label":"49","book_id":"47","pdf_page":63},{"label":" 64","book_id":"47","pdf_page":78}]},{"bandnummer":"NF 34","kurztitel":"NF 34, Benediktinerabtei St. Eucharius - St. Matthias vor Trier","banduri":"https:\/\/doi.org\/10.26015\/adwdocs-130","seiten":"69","seiten_links":[{"label":"69","book_id":"44","pdf_page":85}]},{"bandnummer":"NF 33","kurztitel":"NF 33, Stift Alter Dom St. Pauli in M\u00fcnster","banduri":"https:\/\/doi.org\/10.26015\/adwdocs-98","seiten":"190, 240","seiten_links":[{"label":"190","book_id":"43","pdf_page":204},{"label":" 240","book_id":"43","pdf_page":254}]},{"bandnummer":"NF 29","kurztitel":"NF 29, Benediktinerabtei Brauweiler","banduri":"https:\/\/doi.org\/10.26015\/adwdocs-128","seiten":"155","seiten_links":[{"label":"155","book_id":"39","pdf_page":167}]},{"bandnummer":"NF 27","kurztitel":"NF 27, Stifte St. Walpurgis in Weilburg und St. Martin in Idstein","banduri":"https:\/\/doi.org\/10.26015\/adwdocs-127","seiten":"276, 359","seiten_links":[{"label":"276","book_id":"37","pdf_page":292},{"label":" 359","book_id":"37","pdf_page":375}]},{"bandnummer":"NF 26","kurztitel":"NF 26, Stift Neum\u00fcnster in W\u00fcrzburg","banduri":"https:\/\/doi.org\/10.26015\/adwdocs-94","seiten":"313, 348\u2013350, 383, 708","seiten_links":[{"label":"313","book_id":"36","pdf_page":329},{"label":" 348\u2013350","book_id":"36","pdf_page":364},{"label":" 383","book_id":"36","pdf_page":399},{"label":" 708","book_id":"36","pdf_page":724}]},{"bandnummer":"NF 19","kurztitel":"NF 19, Stift St. Kastor in Karden an der Mosel","banduri":"https:\/\/doi.org\/10.26015\/adwdocs-246","seiten":"62, 332","seiten_links":[{"label":"62","book_id":"29","pdf_page":74},{"label":" 332","book_id":"29","pdf_page":344}]},{"bandnummer":"NF 17,2","kurztitel":"NF 17,2, Domstift St. Paulus zu M\u00fcnster","banduri":"https:\/\/doi.org\/10.26015\/adwdocs-89","seiten":"570, 589, 592","seiten_links":[{"label":"570","book_id":"26","pdf_page":604},{"label":" 589","book_id":"26","pdf_page":623},{"label":" 592","book_id":"26","pdf_page":626}]},{"bandnummer":"NF 15","kurztitel":"NF 15, Stift St. Stephan in Konstanz","banduri":"https:\/\/doi.org\/10.26015\/adwdocs-87","seiten":"365","seiten_links":[{"label":"365","book_id":"23","pdf_page":379}]},{"bandnummer":"NF 14","kurztitel":"NF 14, Stifte St. Severus, Goar, Liebfrauen, St. Martin","banduri":"https:\/\/doi.org\/10.26015\/adwdocs-122","seiten":"33, 70","seiten_links":[{"label":"33","book_id":"22","pdf_page":51},{"label":" 70","book_id":"22","pdf_page":88}]},{"bandnummer":"NF 13","kurztitel":"NF 13, W\u00fcrzburger Bisch\u00f6fe 1455-1617","banduri":"https:\/\/doi.org\/10.26015\/adwdocs-86","seiten":"60, 74","seiten_links":[{"label":"60","book_id":"21","pdf_page":70},{"label":" 74","book_id":"21","pdf_page":84}]},{"bandnummer":"NF 7","kurztitel":"NF 7, Kanonissenstift Gandersheim","banduri":"https:\/\/doi.org\/10.26015\/adwdocs-84","seiten":"119, 432","seiten_links":[{"label":"119","book_id":"15","pdf_page":129},{"label":" 432","book_id":"15","pdf_page":442}]},{"bandnummer":"NF 6","kurztitel":"NF 6, Stift St. Paulin vor Trier","banduri":"https:\/\/doi.org\/10.26015\/adwdocs-83","seiten":"247, 331, 451","seiten_links":[{"label":"247","book_id":"14","pdf_page":261},{"label":" 331","book_id":"14","pdf_page":345},{"label":" 451","book_id":"14","pdf_page":465}]},{"bandnummer":"AF II, 1966","kurztitel":"AF II, Bistum Bamberg, Pfarreiorganisation","banduri":"https:\/\/doi.org\/10.26015\/adwdocs-343","seiten":"278","seiten_links":[{"label":"278","book_id":"7","pdf_page":286}]},{"bandnummer":"AF I, 1972","kurztitel":"AF I, Dom- und Kollegiatstifte Magdeburg","banduri":"https:\/\/doi.org\/10.26015\/adwdocs-341","seiten":"116, 336f., 406","seiten_links":[{"label":"116","book_id":"130","pdf_page":134},{"label":" 336f.","book_id":"130","pdf_page":354},{"label":" 406","book_id":"130","pdf_page":424}]},{"bandnummer":"AF I, 1933","kurztitel":"AF I, Bistum Havelberg","banduri":"https:\/\/doi.org\/10.26015\/adwdocs-338","seiten":"135, 149","seiten_links":[{"label":"135","book_id":"3","pdf_page":147},{"label":" 149","book_id":"3","pdf_page":161}]},{"bandnummer":"AF I, 1941","kurztitel":"AF I, Bistum Brandenburg 2","banduri":"https:\/\/doi.org\/10.26015\/adwdocs-339","seiten":"26, 41, 109f.","seiten_links":[{"label":"26","book_id":"2","pdf_page":38},{"label":" 41","book_id":"2","pdf_page":53},{"label":" 109f.","book_id":"2","pdf_page":121}]},{"bandnummer":"AF I, 1929","kurztitel":"AF I, Bistum Brandenburg 1","banduri":"https:\/\/doi.org\/10.26015\/adwdocs-344","seiten":"53, 55f., 216","seiten_links":[{"label":"53","book_id":"1","pdf_page":69},{"label":" 55f.","book_id":"1","pdf_page":71},{"label":" 216","book_id":"1","pdf_page":232}]}],"aemter":[{"bezeichnung":"Papst","art":"geistlich","institution":"","ort":"","dioezese":"","gebiet":"","klosterid":"","weihegrad":"","von":"1513","bis":"1521","anmerkung":""}],"item.gsn":[{"nummer":"066-03471-002"},{"nummer":"003-01362-001"},{"nummer":"005-06047-001"},{"nummer":"007-02331-001"},{"nummer":"015-04308-001"},{"nummer":"021-00685-001"},{"nummer":"022-02100-001"},{"nummer":"023-01961-001"},{"nummer":"026-04661-001"},{"nummer":"029-02447-001"},{"nummer":"036-02886-001"},{"nummer":"037-02171-001"},{"nummer":"043-02884-001"},{"nummer":"047-00826-001"},{"nummer":"051-01621-001"},{"nummer":"052-01388-001"},{"nummer":"063-01186-001"},{"nummer":"066-03471-001"},{"nummer":"002-02301-002"},{"nummer":"014-01547-001"},{"nummer":"044-02334-001"},{"nummer":"059-00980-001"},{"nummer":"039-01819-001"},{"nummer":"071-01566-001"},{"nummer":"073-00836-001"},{"nummer":"074-02907-001"},{"nummer":"075-02316-001"},{"nummer":"081-01012-001"},{"nummer":"083-02358-001"},{"nummer":"091-00229-001"}],"item":{"art":"Person"}}]}