{"records":[{"person":{"id":"283117","modified":"2020-02-04 09:03:32","vorname":"Adolf","vornamenvarianten":"","namenspraefix":"von","familienname":"Tecklenburg","familiennamenvarianten":"","namenszusatz":"","herkunftsname":"","titel":"","orden":"","geburtsdatum":"","sterbedatum":"1224","belegdaten":"1216\u20131224","taetigkeit":"","gndnummer":"135538041","cerlid":"","wiag":"WIAG-Pers-EPISCGatz-03248-001","wikidata":"Q239674","factgrid":"Q656535","verwandtschaften":"Sohn Simons, Graf von Tecklenburg","anmerkungen":"Heiliger"},"fundstellen":[{"bandnummer":"3F 2","kurztitel":"3. F. 2, Zisterzienserabtei Marienfeld","banduri":"https:\/\/doi.org\/10.26015\/adwdocs-248","seiten":"325, 374, 376, 427f.","seiten_links":[{"label":"325","book_id":"66","pdf_page":346},{"label":" 374","book_id":"66","pdf_page":395},{"label":" 376","book_id":"66","pdf_page":397},{"label":" 427f.","book_id":"66","pdf_page":448}]},{"bandnummer":"NF 37,4","kurztitel":"NF 37,4, Di\u00f6zese M\u00fcnster, Bisch\u00f6fe 805-1801","banduri":"https:\/\/doi.org\/10.26015\/adwdocs-105","seiten":"2","seiten_links":[{"label":"2","book_id":"51","pdf_page":24}]},{"bandnummer":"NF 37,3","kurztitel":"NF 37,3, Di\u00f6zese M\u00fcnster","banduri":"https:\/\/doi.org\/10.26015\/adwdocs-104","seiten":"269","seiten_links":[{"label":"269","book_id":"50","pdf_page":313}]},{"bandnummer":"NF 37,1","kurztitel":"NF 37,1, Di\u00f6zese M\u00fcnster","banduri":"https:\/\/doi.org\/10.26015\/adwdocs-102","seiten":"475","seiten_links":[{"label":"475","book_id":"48","pdf_page":495}]},{"bandnummer":"NF 21","kurztitel":"NF 21, Kanonissenstift und Benediktinerinnenkloster Herzebrock","banduri":"https:\/\/doi.org\/10.26015\/adwdocs-92","seiten":"86, 93, 104, 160, 186, 208f.","seiten_links":[{"label":"86","book_id":"31","pdf_page":98},{"label":" 93","book_id":"31","pdf_page":105},{"label":" 104","book_id":"31","pdf_page":116},{"label":" 160","book_id":"31","pdf_page":172},{"label":" 186","book_id":"31","pdf_page":198},{"label":" 208f.","book_id":"31","pdf_page":220}]},{"bandnummer":"NF 2","kurztitel":"NF 2, Cistercienserabtei Altenberg","banduri":"https:\/\/doi.org\/10.26015\/adwdocs-118","seiten":"209","seiten_links":[{"label":"209","book_id":"10","pdf_page":217}]}],"aemter":[{"bezeichnung":"Bischof","art":"geistlich","institution":"","ort":"","dioezese":"Osnabr\u00fcck","gebiet":"","klosterid":"","weihegrad":"","von":"1216","bis":"1224","anmerkung":""}],"item.gsn":[{"nummer":"066-00029-001"},{"nummer":"010-00013-001"},{"nummer":"031-00032-001"},{"nummer":"048-00053-001"},{"nummer":"050-00133-001"},{"nummer":"051-00020-001"}],"item":{"art":"Person"}}]}