{"records":[{"person":{"id":"330842","modified":"2022-02-14 15:14:30","vorname":"Alexander","vornamenvarianten":"","namenspraefix":"","familienname":"Deipenbrock","familiennamenvarianten":"Diepenbrock","namenszusatz":"","herkunftsname":"","titel":"","orden":"","geburtsdatum":"","sterbedatum":"1711","belegdaten":"1650\u20131711","taetigkeit":"","gndnummer":"","cerlid":"cnp01462760","wiag":"WIAG-Pers-CANON-90032-001","wikidata":"","factgrid":"","verwandtschaften":"","anmerkungen":"aus Werl"},"fundstellen":[{"bandnummer":"3F 1","kurztitel":"3. F. 1, Kloster St. Aegidii zu M\u00fcnster","banduri":"https:\/\/doi.org\/10.26015\/adwdocs-247","seiten":"<b>439<\/b>","seiten_links":[{"label":"<b>439<\/b>","book_id":"65","pdf_page":463}]},{"bandnummer":"NF 17,3","kurztitel":"NF 17,3, Domstift St. Paulus zu M\u00fcnster","banduri":"https:\/\/doi.org\/10.26015\/adwdocs-90","seiten":"275, 297, <b>311<\/b>, 344","seiten_links":[{"label":"275","book_id":"27","pdf_page":305},{"label":" 297","book_id":"27","pdf_page":327},{"label":" <b>311<\/b>","book_id":"27","pdf_page":341},{"label":" 344","book_id":"27","pdf_page":374}]}],"aemter":[{"bezeichnung":"Vikar","art":"geistlich","institution":"Zisterzienserinnen-\/Benediktinerinnenkloster St. Aegidii","ort":"M\u00fcnster","dioezese":"M\u00fcnster","gebiet":"","klosterid":"637","weihegrad":"","von":"1685","bis":"1698","anmerkung":"Zuvor Offiziant"},{"bezeichnung":"Domvikar","art":"geistlich","institution":"Domstift M\u00fcnster","ort":"M\u00fcnster","dioezese":"M\u00fcnster","gebiet":"","klosterid":"628","weihegrad":"","von":"1677","bis":"1711","anmerkung":"Rektor des Altars Trium regum et S. Catharinae in der Kapelle St. Nicolai, auch Vikar der Pfarrkirche St. Aegidii in M\u00fcnster"}],"item.gsn":[{"nummer":"065-01238-001"},{"nummer":"027-01746-001"}],"item":{"art":"Person"}}]}