{"records":[{"person":{"id":"320898","modified":"2020-05-07 11:47:43","vorname":"Wigbold","vornamenvarianten":"Wikbold; Wigboldus; Wicbold","namenspraefix":"von","familienname":"Holte","familiennamenvarianten":"","namenszusatz":"","herkunftsname":"","titel":"","orden":"","geburtsdatum":"","sterbedatum":"1304","belegdaten":"1246\u20131304","taetigkeit":"","gndnummer":"13914370X","cerlid":"","wiag":"WIAG-Pers-EPISCGatz-02888-001","wikidata":"Q896389","factgrid":"Q654935","verwandtschaften":"","anmerkungen":""},"fundstellen":[{"bandnummer":"NF 47","kurztitel":"NF 47, Kollegiatstift St. Mauritz vor M\u00fcnster","banduri":"https:\/\/doi.org\/10.26015\/adwdocs-114","seiten":"124f., 207, 210, 240, 242, 268, 286, <b>287<\/b>, 325, 327, 330","seiten_links":[{"label":"124f.","book_id":"61","pdf_page":138},{"label":" 207","book_id":"61","pdf_page":221},{"label":" 210","book_id":"61","pdf_page":224},{"label":" 240","book_id":"61","pdf_page":254},{"label":" 242","book_id":"61","pdf_page":256},{"label":" 268","book_id":"61","pdf_page":282},{"label":" 286","book_id":"61","pdf_page":300},{"label":" <b>287<\/b>","book_id":"61","pdf_page":301},{"label":" 325","book_id":"61","pdf_page":339},{"label":" 327","book_id":"61","pdf_page":341},{"label":" 330","book_id":"61","pdf_page":344}]},{"bandnummer":"NF 37,3","kurztitel":"NF 37,3, Di\u00f6zese M\u00fcnster","banduri":"https:\/\/doi.org\/10.26015\/adwdocs-104","seiten":"297f., 323, 344f., 361f., 365, 367ff., 378","seiten_links":[{"label":"297f.","book_id":"50","pdf_page":341},{"label":" 323","book_id":"50","pdf_page":367},{"label":" 344f.","book_id":"50","pdf_page":388},{"label":" 361f.","book_id":"50","pdf_page":405},{"label":" 365","book_id":"50","pdf_page":409},{"label":" 367ff.","book_id":"50","pdf_page":411},{"label":" 378","book_id":"50","pdf_page":422}]},{"bandnummer":"NF 37,1","kurztitel":"NF 37,1, Di\u00f6zese M\u00fcnster","banduri":"https:\/\/doi.org\/10.26015\/adwdocs-102","seiten":"133f., 140ff., 327, 389, 582","seiten_links":[{"label":"133f.","book_id":"48","pdf_page":153},{"label":" 140ff.","book_id":"48","pdf_page":160},{"label":" 327","book_id":"48","pdf_page":347},{"label":" 389","book_id":"48","pdf_page":409},{"label":" 582","book_id":"48","pdf_page":602}]},{"bandnummer":"NF 31","kurztitel":"NF 31, Benediktinerabtei Laach","banduri":"https:\/\/doi.org\/10.26015\/adwdocs-96","seiten":"302","seiten_links":[{"label":"302","book_id":"41","pdf_page":314}]},{"bandnummer":"NF 29","kurztitel":"NF 29, Benediktinerabtei Brauweiler","banduri":"https:\/\/doi.org\/10.26015\/adwdocs-128","seiten":"45, 88, 91f., 195f.","seiten_links":[{"label":"45","book_id":"39","pdf_page":57},{"label":" 88","book_id":"39","pdf_page":100},{"label":" 91f.","book_id":"39","pdf_page":103},{"label":" 195f.","book_id":"39","pdf_page":207}]},{"bandnummer":"NF 17,2","kurztitel":"NF 17,2, Domstift St. Paulus zu M\u00fcnster","banduri":"https:\/\/doi.org\/10.26015\/adwdocs-89","seiten":"12, <b>423ff.<\/b>, 428, 430f., 445, 447f.","seiten_links":[{"label":"12","book_id":"26","pdf_page":46},{"label":" <b>423ff.<\/b>","book_id":"26","pdf_page":457},{"label":" 428","book_id":"26","pdf_page":462},{"label":" 430f.","book_id":"26","pdf_page":464},{"label":" 445","book_id":"26","pdf_page":479},{"label":" 447f.","book_id":"26","pdf_page":481}]},{"bandnummer":"NF 12","kurztitel":"NF 12, Reichsabtei Werden an der Ruhr","banduri":"https:\/\/doi.org\/10.26015\/adwdocs-121","seiten":"167","seiten_links":[{"label":"167","book_id":"20","pdf_page":183}]}],"aemter":[{"bezeichnung":"Propst","art":"geistlich","institution":"Stift St. Mauritz, M\u00fcnster","ort":"M\u00fcnster","dioezese":"M\u00fcnster","gebiet":"","klosterid":"629","weihegrad":"","von":"1261","bis":"1296","anmerkung":""},{"bezeichnung":"Erzbischof","art":"geistlich","institution":"","ort":"","dioezese":"K\u00f6ln","gebiet":"","klosterid":"","weihegrad":"","von":"1297","bis":"1304","anmerkung":""},{"bezeichnung":"Domdekan","art":"geistlich","institution":"Domstift K\u00f6ln","ort":"K\u00f6ln","dioezese":"K\u00f6ln","gebiet":"","klosterid":"3503","weihegrad":"","von":"1292","bis":"1297","anmerkung":""},{"bezeichnung":"Domherr","art":"geistlich","institution":"Domstift M\u00fcnster","ort":"M\u00fcnster","dioezese":"M\u00fcnster","gebiet":"","klosterid":"628","weihegrad":"","von":"1246","bis":"1297","anmerkung":""},{"bezeichnung":"Propst","art":"geistlich","institution":"Kollegiatstift St. Marien Aachen","ort":"Aachen","dioezese":"L\u00fcttich","gebiet":"","klosterid":"2077","weihegrad":"","von":"vor 1297","bis":"","anmerkung":""}],"item.gsn":[{"nummer":"061-07098-001"},{"nummer":"026-07950-001"},{"nummer":"039-02559-001"},{"nummer":"041-02685-001"},{"nummer":"048-07401-001"},{"nummer":"050-07847-001"},{"nummer":"020-03690-001"}],"item":{"art":"Person"}}]}