{"records":[{"person":{"id":"250022","modified":"2014-04-11 14:03:32","vorname":"Bernhard","vornamenvarianten":"","namenspraefix":"zum","familienname":"H\u00fclse","familiennamenvarianten":"","namenszusatz":"","herkunftsname":"","titel":"","orden":"","geburtsdatum":"","sterbedatum":"","belegdaten":"1629\u20131659","taetigkeit":"","gndnummer":"","cerlid":"cnp01457704","wiag":"","wikidata":"","factgrid":"","verwandtschaften":"","anmerkungen":""},"fundstellen":[{"bandnummer":"NF 47","kurztitel":"NF 47, Kollegiatstift St. Mauritz vor M\u00fcnster","banduri":"https:\/\/doi.org\/10.26015\/adwdocs-114","seiten":"88, 141, 440, <b>445<\/b>, 447","seiten_links":[{"label":"88","book_id":"61","pdf_page":102},{"label":" 141","book_id":"61","pdf_page":155},{"label":" 440","book_id":"61","pdf_page":454},{"label":" <b>445<\/b>","book_id":"61","pdf_page":459},{"label":" 447","book_id":"61","pdf_page":461}]}],"aemter":[{"bezeichnung":"Vikar","art":"geistlich","institution":"Stift St. Mauritz, M\u00fcnster","ort":"M\u00fcnster","dioezese":"M\u00fcnster","gebiet":"","klosterid":"629","weihegrad":"","von":"1629","bis":"1636","anmerkung":""},{"bezeichnung":"Dechant","art":"geistlich","institution":"","ort":"Freckenhorst","dioezese":"","gebiet":"","klosterid":"","weihegrad":"","von":"","bis":"","anmerkung":""},{"bezeichnung":"Pfarrer","art":"geistlich","institution":"","ort":"Warendorf","dioezese":"M\u00fcnster","gebiet":"","klosterid":"","weihegrad":"","von":"","bis":"","anmerkung":""},{"bezeichnung":"Sacellan","art":"geistlich","institution":"","ort":"Venne","dioezese":"","gebiet":"","klosterid":"","weihegrad":"","von":"","bis":"","anmerkung":""},{"bezeichnung":"Sacellan","art":"geistlich","institution":"Stift St. Martini","ort":"M\u00fcnster","dioezese":"M\u00fcnster","gebiet":"","klosterid":"2011","weihegrad":"","von":"","bis":"","anmerkung":""}],"item.gsn":[{"nummer":"061-03771-001"}],"item":{"art":"Person"}}]}