{"records":[{"person":{"id":"291658","modified":"2025-07-18 13:36:17","vorname":"Balduin","vornamenvarianten":"Baldewin","namenspraefix":"von","familienname":"Steinfurt","familiennamenvarianten":"","namenszusatz":"","herkunftsname":"","titel":"","orden":"","geburtsdatum":"","sterbedatum":"nach 1361","belegdaten":"1313\u20131361","taetigkeit":"","gndnummer":"136844243","cerlid":"","wiag":"WIAG-Pers-EPISCGatz-03276-001","wikidata":"Q804828","factgrid":"Q656432","verwandtschaften":"","anmerkungen":""},"fundstellen":[{"bandnummer":"NF 46","kurztitel":"NF 46, Hildesheimer Bisch\u00f6fe 1221-1398","banduri":"https:\/\/doi.org\/10.26015\/adwdocs-113","seiten":"452","seiten_links":[{"label":"452","book_id":"60","pdf_page":466}]},{"bandnummer":"NF 37,4","kurztitel":"NF 37,4, Di\u00f6zese M\u00fcnster, Bisch\u00f6fe 805-1801","banduri":"https:\/\/doi.org\/10.26015\/adwdocs-105","seiten":"99","seiten_links":[{"label":"99","book_id":"51","pdf_page":121}]},{"bandnummer":"NF 37,3","kurztitel":"NF 37,3, Di\u00f6zese M\u00fcnster","banduri":"https:\/\/doi.org\/10.26015\/adwdocs-104","seiten":"406","seiten_links":[{"label":"406","book_id":"50","pdf_page":450}]},{"bandnummer":"NF 33","kurztitel":"NF 33, Stift Alter Dom St. Pauli in M\u00fcnster","banduri":"https:\/\/doi.org\/10.26015\/adwdocs-98","seiten":"<b>232<\/b>","seiten_links":[{"label":"<b>232<\/b>","book_id":"43","pdf_page":246}]},{"bandnummer":"NF 17,2","kurztitel":"NF 17,2, Domstift St. Paulus zu M\u00fcnster","banduri":"https:\/\/doi.org\/10.26015\/adwdocs-89","seiten":"32f., 111, <b>174f.<\/b>, 292, 466, 496, 499, 508","seiten_links":[{"label":"32f.","book_id":"26","pdf_page":66},{"label":" 111","book_id":"26","pdf_page":145},{"label":" <b>174f.<\/b>","book_id":"26","pdf_page":208},{"label":" 292","book_id":"26","pdf_page":326},{"label":" 466","book_id":"26","pdf_page":500},{"label":" 496","book_id":"26","pdf_page":530},{"label":" 499","book_id":"26","pdf_page":533},{"label":" 508","book_id":"26","pdf_page":542}]},{"bandnummer":"AF I, 1972","kurztitel":"AF I, Dom- und Kollegiatstifte Magdeburg","banduri":"https:\/\/doi.org\/10.26015\/adwdocs-341","seiten":"714","seiten_links":[{"label":"714","book_id":"130","pdf_page":732}]}],"aemter":[{"bezeichnung":"Bischof","art":"geistlich","institution":"","ort":"","dioezese":"Paderborn","gebiet":"","klosterid":"","weihegrad":"","von":"1341","bis":"1361","anmerkung":""},{"bezeichnung":"Domscholaster","art":"geistlich","institution":"Domstift M\u00fcnster","ort":"M\u00fcnster","dioezese":"M\u00fcnster","gebiet":"","klosterid":"628","weihegrad":"","von":"1337","bis":"1341","anmerkung":"Domherr seit 1313"},{"bezeichnung":"Propst","art":"geistlich","institution":"Stift Alter Dom St. Pauli","ort":"M\u00fcnster","dioezese":"M\u00fcnster","gebiet":"","klosterid":"630","weihegrad":"","von":"1339","bis":"","anmerkung":""},{"bezeichnung":"Domherr","art":"geistlich","institution":"Domstift Paderborn","ort":"Paderborn","dioezese":"Paderborn","gebiet":"","klosterid":"953","weihegrad":"","von":"1318","bis":"","anmerkung":""}],"item.gsn":[{"nummer":"060-00221-001"},{"nummer":"005-00561-001"},{"nummer":"026-00424-001"},{"nummer":"043-00275-001"},{"nummer":"050-00559-001"},{"nummer":"051-00156-001"}],"item":{"art":"Person"}}]}