{"records":[{"person":{"id":"340168","modified":"2025-03-21 13:49:19","vorname":"Udalschalk","vornamenvarianten":"","namenspraefix":"","familienname":"","familiennamenvarianten":"","namenszusatz":"von Augsburg","herkunftsname":"","titel":"","orden":"","geburtsdatum":"","sterbedatum":"1202","belegdaten":"1184\u20131202","taetigkeit":"","gndnummer":"138018383","cerlid":"","wiag":"WIAG-Pers-EPISCGatz-02518-001","wikidata":"Q68911884","factgrid":"Q649639","verwandtschaften":"","anmerkungen":""},"fundstellen":[{"bandnummer":"3F 23","kurztitel":"3. F. 23, Die Mainzer Erzbisch\u00f6fe von 1089 bis 1200","banduri":"","seiten":"225","seiten_links":[]},{"bandnummer":"NF 45","kurztitel":"NF 45, Eichst\u00e4tter Bisch\u00f6fe bis 1535","banduri":"https:\/\/doi.org\/10.26015\/adwdocs-112","seiten":"91","seiten_links":[{"label":"91","book_id":"59","pdf_page":105}]},{"bandnummer":"NF 39","kurztitel":"NF 39, Benediktinerabtei Wessobrunn","banduri":"https:\/\/doi.org\/10.26015\/adwdocs-107","seiten":"237","seiten_links":[{"label":"237","book_id":"53","pdf_page":249}]},{"bandnummer":"NF 28","kurztitel":"NF 28, Benediktinerabtei Benediktbeuern","banduri":"https:\/\/doi.org\/10.26015\/adwdocs-95","seiten":"180, 222, 238, 363, 449","seiten_links":[{"label":"180","book_id":"38","pdf_page":198},{"label":" 222","book_id":"38","pdf_page":240},{"label":" 238","book_id":"38","pdf_page":256},{"label":" 363","book_id":"38","pdf_page":381},{"label":" 449","book_id":"38","pdf_page":467}]}],"aemter":[{"bezeichnung":"Bischof","art":"geistlich","institution":"","ort":"","dioezese":"Augsburg","gebiet":"","klosterid":"","weihegrad":"","von":"1184","bis":"1202","anmerkung":""}],"item.gsn":[{"nummer":"059-01616-001"},{"nummer":"038-03487-001"},{"nummer":"053-03062-001"},{"nummer":"087-00461-001"}],"item":{"art":"Person"}}]}