{"records":[{"person":{"id":"341877","modified":"2026-03-18 14:59:07","vorname":"Ruprecht","vornamenvarianten":"Rupert","namenspraefix":"","familienname":"","familiennamenvarianten":"","namenszusatz":"der Rote, von der Pfalz","herkunftsname":"","titel":"","orden":"","geburtsdatum":"1427","sterbedatum":"1480","belegdaten":"1427\u20131480","taetigkeit":"","gndnummer":"12388957X","cerlid":"","wiag":"WIAG-Pers-EPISCGatz-05570-001","wikidata":"Q74364","factgrid":"Q655958","verwandtschaften":"","anmerkungen":""},"fundstellen":[{"bandnummer":"St NF 12","kurztitel":"St NF 12, Domkapitel K\u00f6ln (1414-1463)","banduri":"https:\/\/doi.org\/10.26015\/adwdocs-1957","seiten":"32f., 101, 105, 116, 121, 123, 131f., 136\u2013138, 141\u2013145, 149f., 198f., 225, 227, 365f., <b>380<\/b>, 381, 479f.","seiten_links":[{"label":"32f.","book_id":"1024","pdf_page":42},{"label":" 101","book_id":"1024","pdf_page":111},{"label":" 105","book_id":"1024","pdf_page":115},{"label":" 116","book_id":"1024","pdf_page":126},{"label":" 121","book_id":"1024","pdf_page":131},{"label":" 123","book_id":"1024","pdf_page":133},{"label":" 131f.","book_id":"1024","pdf_page":141},{"label":" 136\u2013138","book_id":"1024","pdf_page":146},{"label":" 141\u2013145","book_id":"1024","pdf_page":151},{"label":" 149f.","book_id":"1024","pdf_page":159},{"label":" 198f.","book_id":"1024","pdf_page":208},{"label":" 225","book_id":"1024","pdf_page":235},{"label":" 227","book_id":"1024","pdf_page":237},{"label":" 365f.","book_id":"1024","pdf_page":375},{"label":" <b>380<\/b>","book_id":"1024","pdf_page":390},{"label":" 381","book_id":"1024","pdf_page":391},{"label":" 479f.","book_id":"1024","pdf_page":489}]},{"bandnummer":"3F 27","kurztitel":"3. F. 27, Die Trierer Erzbisch\u00f6fe von 1456 bis 1547","banduri":"","seiten":"53, 69, 93f., 96f., 110, 160","seiten_links":[]},{"bandnummer":"3F 21","kurztitel":"3. F. 21, Mainzer Erzbisch\u00f6fe von 1396 bis 1484","banduri":"","seiten":"133, 185, 190, 200, 210, 216, 219","seiten_links":[]},{"bandnummer":"3F 14","kurztitel":"3. F. 14, Zisterzienserabtei Marienstatt","banduri":"https:\/\/doi.org\/10.26015\/adwdocs-668","seiten":"126","seiten_links":[{"label":"126","book_id":"1004","pdf_page":142}]},{"bandnummer":"NF 45","kurztitel":"NF 45, Eichst\u00e4tter Bisch\u00f6fe bis 1535","banduri":"https:\/\/doi.org\/10.26015\/adwdocs-112","seiten":"228","seiten_links":[{"label":"228","book_id":"59","pdf_page":242}]},{"bandnummer":"NF 37,3","kurztitel":"NF 37,3, Di\u00f6zese M\u00fcnster","banduri":"https:\/\/doi.org\/10.26015\/adwdocs-104","seiten":"493, 505","seiten_links":[{"label":"493","book_id":"50","pdf_page":537},{"label":" 505","book_id":"50","pdf_page":549}]},{"bandnummer":"NF 31","kurztitel":"NF 31, Benediktinerabtei Laach","banduri":"https:\/\/doi.org\/10.26015\/adwdocs-96","seiten":"108, 175","seiten_links":[{"label":"108","book_id":"41","pdf_page":120},{"label":" 175","book_id":"41","pdf_page":187}]},{"bandnummer":"NF 29","kurztitel":"NF 29, Benediktinerabtei Brauweiler","banduri":"https:\/\/doi.org\/10.26015\/adwdocs-128","seiten":"52f., 55, 91, 95, 204","seiten_links":[{"label":"52f.","book_id":"39","pdf_page":64},{"label":" 55","book_id":"39","pdf_page":67},{"label":" 91","book_id":"39","pdf_page":103},{"label":" 95","book_id":"39","pdf_page":107},{"label":" 204","book_id":"39","pdf_page":216}]},{"bandnummer":"NF 26","kurztitel":"NF 26, Stift Neum\u00fcnster in W\u00fcrzburg","banduri":"https:\/\/doi.org\/10.26015\/adwdocs-94","seiten":"410","seiten_links":[{"label":"410","book_id":"36","pdf_page":426}]},{"bandnummer":"NF 12","kurztitel":"NF 12, Reichsabtei Werden an der Ruhr","banduri":"https:\/\/doi.org\/10.26015\/adwdocs-121","seiten":"171","seiten_links":[{"label":"171","book_id":"20","pdf_page":187}]}],"aemter":[{"bezeichnung":"Erzbischof","art":"geistlich","institution":"","ort":"","dioezese":"K\u00f6ln","gebiet":"","klosterid":"","weihegrad":"","von":"1464","bis":"1480","anmerkung":""},{"bezeichnung":"Domherr","art":"geistlich","institution":"Domstift K\u00f6ln","ort":"K\u00f6ln","dioezese":"K\u00f6ln","gebiet":"","klosterid":"3503","weihegrad":"","von":"1442","bis":"1480","anmerkung":"Edelkanoniker, Domkeppler"}],"item.gsn":[{"nummer":"059-01439-001"},{"nummer":"036-03954-001"},{"nummer":"039-02254-001"},{"nummer":"041-02318-001"},{"nummer":"050-06716-001"},{"nummer":"020-02784-001"},{"nummer":"078-01794-001"},{"nummer":"712-00233-001"},{"nummer":"085-00239-001"},{"nummer":"091-00330-001"}],"item":{"art":"Person"}}]}