{"records":[{"person":{"id":"340779","modified":"2025-09-04 15:46:18","vorname":"Gerfrid","vornamenvarianten":"Gerfried","namenspraefix":"","familienname":"","familiennamenvarianten":"","namenszusatz":"","herkunftsname":"","titel":"","orden":"","geburtsdatum":"","sterbedatum":"839","belegdaten":"809\u2013839","taetigkeit":"","gndnummer":"136635865","cerlid":"","wiag":"WIAG-Pers-EPISCGatz-04561-001","wikidata":"Q1511155","factgrid":"Q652634","verwandtschaften":"","anmerkungen":""},"fundstellen":[{"bandnummer":"St NF 13","kurztitel":"St NF 13, Episkopalisierung","banduri":"https:\/\/doi.org\/10.26015\/adwdocs-2492","seiten":"32, 38","seiten_links":[{"label":"32","book_id":"1027","pdf_page":44},{"label":" 38","book_id":"1027","pdf_page":50}]},{"bandnummer":"3F 25","kurztitel":"3. F. 25, Die Halberst\u00e4dter Bisch\u00f6fe bis 1023","banduri":"","seiten":"108, 111f., 119f., 124f., 133, 147","seiten_links":[]},{"bandnummer":"NF 44","kurztitel":"NF 44, Damenstift Nottuln","banduri":"https:\/\/doi.org\/10.26015\/adwdocs-110","seiten":"32, 38ff.","seiten_links":[{"label":"32","book_id":"58","pdf_page":48},{"label":" 38ff.","book_id":"58","pdf_page":54}]},{"bandnummer":"NF 37,3","kurztitel":"NF 37,3, Di\u00f6zese M\u00fcnster","banduri":"https:\/\/doi.org\/10.26015\/adwdocs-104","seiten":"8, 16f., <b>24\u201327<\/b>, 28ff., 39","seiten_links":[{"label":"8","book_id":"50","pdf_page":52},{"label":" 16f.","book_id":"50","pdf_page":60},{"label":" <b>24\u201327<\/b>","book_id":"50","pdf_page":68},{"label":" 28ff.","book_id":"50","pdf_page":72},{"label":" 39","book_id":"50","pdf_page":83}]},{"bandnummer":"NF 12","kurztitel":"NF 12, Reichsabtei Werden an der Ruhr","banduri":"https:\/\/doi.org\/10.26015\/adwdocs-121","seiten":"17, 123, 298, <b>299<\/b>, 408, 410","seiten_links":[{"label":"17","book_id":"20","pdf_page":33},{"label":" 123","book_id":"20","pdf_page":139},{"label":" 298","book_id":"20","pdf_page":314},{"label":" <b>299<\/b>","book_id":"20","pdf_page":315},{"label":" 408","book_id":"20","pdf_page":424},{"label":" 410","book_id":"20","pdf_page":426}]}],"aemter":[{"bezeichnung":"Bischof","art":"geistlich","institution":"","ort":"","dioezese":"M\u00fcnster","gebiet":"","klosterid":"","weihegrad":"","von":"809","bis":"839","anmerkung":"Missionsbischof, in der sp\u00e4teren Tradition als Bischof von M\u00fcnster bezeichnet"},{"bezeichnung":"Abt","art":"geistlich","institution":"Benediktinerkloster Werden an der Ruhr","ort":"Werden an der Ruhr","dioezese":"K\u00f6ln","gebiet":"","klosterid":"817","weihegrad":"","von":"um 819","bis":"839","anmerkung":""}],"item.gsn":[{"nummer":"058-02389-001"},{"nummer":"050-02518-001"},{"nummer":"020-00955-001"},{"nummer":"713-00315-001"},{"nummer":"089-00129-001"}],"item":{"art":"Person"}}]}