{"records":[{"person":{"id":"341378","modified":"2026-02-02 12:26:10","vorname":"Adolf","vornamenvarianten":"","namenspraefix":"von","familienname":"Schaumburg","familiennamenvarianten":"Holstein-Schaumburg; Schauenburg","namenszusatz":"","herkunftsname":"","titel":"","orden":"","geburtsdatum":"1511","sterbedatum":"1556","belegdaten":"1521\u20131556","taetigkeit":"","gndnummer":"123889413","cerlid":"","wiag":"WIAG-Pers-EPISCGatz-20005-001","wikidata":"Q98400","factgrid":"Q656159","verwandtschaften":"","anmerkungen":""},"fundstellen":[{"bandnummer":"3F 27","kurztitel":"3. F. 27, Die Trierer Erzbisch\u00f6fe von 1456 bis 1547","banduri":"","seiten":"308, 320","seiten_links":[]},{"bandnummer":"3F 14","kurztitel":"3. F. 14, Zisterzienserabtei Marienstatt","banduri":"https:\/\/doi.org\/10.26015\/adwdocs-668","seiten":"374","seiten_links":[{"label":"374","book_id":"1004","pdf_page":390}]},{"bandnummer":"3F 6","kurztitel":"3. F. 6, Zisterzienserabtei Bredelar","banduri":"https:\/\/doi.org\/10.26015\/adwdocs-530","seiten":"81","seiten_links":[{"label":"81","book_id":"141","pdf_page":95}]},{"bandnummer":"NF 44","kurztitel":"NF 44, Damenstift Nottuln","banduri":"https:\/\/doi.org\/10.26015\/adwdocs-110","seiten":"223","seiten_links":[{"label":"223","book_id":"58","pdf_page":239}]},{"bandnummer":"NF 37,4","kurztitel":"NF 37,4, Di\u00f6zese M\u00fcnster, Bisch\u00f6fe 805-1801","banduri":"https:\/\/doi.org\/10.26015\/adwdocs-105","seiten":"41","seiten_links":[{"label":"41","book_id":"51","pdf_page":63}]},{"bandnummer":"NF 37,3","kurztitel":"NF 37,3, Di\u00f6zese M\u00fcnster","banduri":"https:\/\/doi.org\/10.26015\/adwdocs-104","seiten":"130, 567","seiten_links":[{"label":"130","book_id":"50","pdf_page":174},{"label":" 567","book_id":"50","pdf_page":611}]},{"bandnummer":"NF 37,1","kurztitel":"NF 37,1, Di\u00f6zese M\u00fcnster","banduri":"https:\/\/doi.org\/10.26015\/adwdocs-102","seiten":"224, 388","seiten_links":[{"label":"224","book_id":"48","pdf_page":244},{"label":" 388","book_id":"48","pdf_page":408}]},{"bandnummer":"NF 31","kurztitel":"NF 31, Benediktinerabtei Laach","banduri":"https:\/\/doi.org\/10.26015\/adwdocs-96","seiten":"176, 382","seiten_links":[{"label":"176","book_id":"41","pdf_page":188},{"label":" 382","book_id":"41","pdf_page":394}]},{"bandnummer":"NF 29","kurztitel":"NF 29, Benediktinerabtei Brauweiler","banduri":"https:\/\/doi.org\/10.26015\/adwdocs-128","seiten":"98","seiten_links":[{"label":"98","book_id":"39","pdf_page":110}]},{"bandnummer":"NF 12","kurztitel":"NF 12, Reichsabtei Werden an der Ruhr","banduri":"https:\/\/doi.org\/10.26015\/adwdocs-121","seiten":"194","seiten_links":[{"label":"194","book_id":"20","pdf_page":210}]},{"bandnummer":"NF 9","kurztitel":"NF 9, Benediktinerabtei Siegburg","banduri":"https:\/\/doi.org\/10.26015\/adwdocs-119","seiten":"31, 59, 67, 72","seiten_links":[{"label":"31","book_id":"17","pdf_page":41},{"label":" 59","book_id":"17","pdf_page":69},{"label":" 67","book_id":"17","pdf_page":77},{"label":" 72","book_id":"17","pdf_page":82}]}],"aemter":[{"bezeichnung":"Erzbischof","art":"geistlich","institution":"","ort":"","dioezese":"K\u00f6ln","gebiet":"","klosterid":"","weihegrad":"","von":"1547","bis":"1556","anmerkung":""},{"bezeichnung":"Administrator","art":"geistlich","institution":"","ort":"","dioezese":"K\u00f6ln","gebiet":"","klosterid":"","weihegrad":"","von":"1546","bis":"1547","anmerkung":""},{"bezeichnung":"Koadjutor","art":"geistlich","institution":"","ort":"","dioezese":"K\u00f6ln","gebiet":"","klosterid":"","weihegrad":"","von":"1535","bis":"1546","anmerkung":""},{"bezeichnung":"Graf","art":"weltlich","institution":"","ort":"","dioezese":"","gebiet":"Schaumburg","klosterid":"","weihegrad":"","von":"1531","bis":"1544","anmerkung":"als Adolf XIII."}],"item.gsn":[{"nummer":"058-00060-001"},{"nummer":"017-00025-001"},{"nummer":"020-00027-001"},{"nummer":"039-00046-001"},{"nummer":"048-06326-001"},{"nummer":"050-00130-001"},{"nummer":"051-00019-001"},{"nummer":"041-00026-001"},{"nummer":"070-00018-001"},{"nummer":"078-00018-001"},{"nummer":"091-00004-001"}],"item":{"art":"Person"}}]}