{"records":[{"person":{"id":"298797","modified":"2019-07-05 23:05:28","vorname":"Manegold","vornamenvarianten":"","namenspraefix":"von","familienname":"Neuenburg","familiennamenvarianten":"","namenszusatz":"","herkunftsname":"","titel":"","orden":"","geburtsdatum":"","sterbedatum":"1303","belegdaten":"1241\u20131303","taetigkeit":"","gndnummer":"123676916","cerlid":"","wiag":"WIAG-Pers-EPISCGatz-03750-001","wikidata":"Q1889130","factgrid":"Q655580","verwandtschaften":"","anmerkungen":""},"fundstellen":[{"bandnummer":"NF 40","kurztitel":"NF 40, St. Burkard in W\u00fcrzburg","banduri":"https:\/\/doi.org\/10.26015\/adwdocs-132","seiten":"138","seiten_links":[{"label":"138","book_id":"54","pdf_page":152}]},{"bandnummer":"NF 26","kurztitel":"NF 26, Stift Neum\u00fcnster in W\u00fcrzburg","banduri":"https:\/\/doi.org\/10.26015\/adwdocs-94","seiten":"255, 285, 289f., <b>298<\/b>, 465","seiten_links":[{"label":"255","book_id":"36","pdf_page":271},{"label":" 285","book_id":"36","pdf_page":301},{"label":" 289f.","book_id":"36","pdf_page":305},{"label":" <b>298<\/b>","book_id":"36","pdf_page":314},{"label":" 465","book_id":"36","pdf_page":481}]},{"bandnummer":"NF 4","kurztitel":"NF 4, W\u00fcrzburger Bisch\u00f6fe 1254-1455","banduri":"https:\/\/doi.org\/10.26015\/adwdocs-81","seiten":"<b>29\u201336<\/b>, 38f., 41, 50, 54","seiten_links":[{"label":"<b>29\u201336<\/b>","book_id":"12","pdf_page":41},{"label":" 38f.","book_id":"12","pdf_page":50},{"label":" 41","book_id":"12","pdf_page":53},{"label":" 50","book_id":"12","pdf_page":62},{"label":" 54","book_id":"12","pdf_page":66}]},{"bandnummer":"AF II, 1966","kurztitel":"AF II, Bistum Bamberg, Pfarreiorganisation","banduri":"https:\/\/doi.org\/10.26015\/adwdocs-343","seiten":"162","seiten_links":[{"label":"162","book_id":"7","pdf_page":170}]},{"bandnummer":"AF II, 1937","kurztitel":"AF II, Bistum Bamberg","banduri":"https:\/\/doi.org\/10.26015\/adwdocs-342","seiten":"<b>187\u2013188<\/b>","seiten_links":[{"label":"<b>187\u2013188<\/b>","book_id":"6","pdf_page":195}]}],"aemter":[{"bezeichnung":"Bischof","art":"geistlich","institution":"","ort":"","dioezese":"W\u00fcrzburg","gebiet":"","klosterid":"","weihegrad":"","von":"1287","bis":"1303","anmerkung":""},{"bezeichnung":"Elekt","art":"geistlich","institution":"","ort":"","dioezese":"Bamberg","gebiet":"","klosterid":"","weihegrad":"","von":"1285","bis":"1286","anmerkung":""},{"bezeichnung":"Propst","art":"geistlich","institution":"Kollegiatstift Haug","ort":"W\u00fcrzburg","dioezese":"W\u00fcrzburg","gebiet":"","klosterid":"3428","weihegrad":"","von":"1260","bis":"1277","anmerkung":""},{"bezeichnung":"Propst","art":"geistlich","institution":"Stift Neum\u00fcnster in W\u00fcrzburg","ort":"W\u00fcrzburg","dioezese":"W\u00fcrzburg","gebiet":"","klosterid":"1058","weihegrad":"","von":"1286","bis":"","anmerkung":""},{"bezeichnung":"Dompropst","art":"geistlich","institution":"Domstift W\u00fcrzburg","ort":"W\u00fcrzburg","dioezese":"W\u00fcrzburg","gebiet":"","klosterid":"3502","weihegrad":"","von":"1275","bis":"1287","anmerkung":"Domherr seit 1241"},{"bezeichnung":"Domherr","art":"geistlich","institution":"Domstift Bamberg","ort":"Bamberg","dioezese":"Bamberg","gebiet":"","klosterid":"3492","weihegrad":"","von":"1261","bis":"","anmerkung":""}],"item.gsn":[{"nummer":"054-01732-001"},{"nummer":"007-02479-001"},{"nummer":"012-00959-001"},{"nummer":"036-03047-001"},{"nummer":"006-00023-001"}],"item":{"art":"Person"}}]}