{"records":[{"person":{"id":"338796","modified":"2024-11-07 11:41:20","vorname":"Johann Anton I.","vornamenvarianten":"","namenspraefix":"","familienname":"Knebel von Katzenelnbogen","familiennamenvarianten":"Knebel von Katzenellnbogen","namenszusatz":"","herkunftsname":"","titel":"","orden":"","geburtsdatum":"1646","sterbedatum":"1725","belegdaten":"1646\u20131725","taetigkeit":"","gndnummer":"118911767","cerlid":"","wiag":"WIAG-Pers-EPISCGatz-10378-001","wikidata":"Q1692393","factgrid":"Q655083","verwandtschaften":"","anmerkungen":""},"fundstellen":[{"bandnummer":"3F 22","kurztitel":"3. F. 22, Trierer Erzbisch\u00f6fe von 1623 bis 1802","banduri":"","seiten":"464f.","seiten_links":[]},{"bandnummer":"3F 15","kurztitel":"3. F. 15, Benediktinerinnenabtei  St. Walburg, Eichst\u00e4tt","banduri":"https:\/\/doi.org\/10.26015\/adwdocs-1474","seiten":"45, 149, 184, 467, 506, 736","seiten_links":[{"label":"45","book_id":"1014","pdf_page":63},{"label":" 149","book_id":"1014","pdf_page":167},{"label":" 184","book_id":"1014","pdf_page":202},{"label":" 467","book_id":"1014","pdf_page":485},{"label":" 506","book_id":"1014","pdf_page":524},{"label":" 736","book_id":"1014","pdf_page":754}]},{"bandnummer":"3F 12","kurztitel":"3.F. 12, Bamberger Bisch\u00f6fe 1693\u20131802","banduri":"https:\/\/doi.org\/10.26015\/adwdocs-537","seiten":"105","seiten_links":[{"label":"105","book_id":"164","pdf_page":127}]},{"bandnummer":"3F 8","kurztitel":"3. F. 8, W\u00fcrzburger Bisch\u00f6fe 1684\u20131746","banduri":"https:\/\/doi.org\/10.26015\/adwdocs-532","seiten":"432","seiten_links":[{"label":"432","book_id":"157","pdf_page":446}]},{"bandnummer":"NF 40","kurztitel":"NF 40, St. Burkard in W\u00fcrzburg","banduri":"https:\/\/doi.org\/10.26015\/adwdocs-132","seiten":"<b>310<\/b>","seiten_links":[{"label":"<b>310<\/b>","book_id":"54","pdf_page":324}]}],"aemter":[{"bezeichnung":"Kanoniker","art":"geistlich","institution":"Benediktinerkloster\/Stift St. Burkhard","ort":"W\u00fcrzburg","dioezese":"W\u00fcrzburg","gebiet":"","klosterid":"1070","weihegrad":"","von":"1663","bis":"1685","anmerkung":""},{"bezeichnung":"Bischof","art":"geistlich","institution":"","ort":"","dioezese":"Eichst\u00e4tt","gebiet":"","klosterid":"","weihegrad":"","von":"1705","bis":"1725","anmerkung":""},{"bezeichnung":"Domdekan","art":"geistlich","institution":"Domstift Eichst\u00e4tt","ort":"Eichst\u00e4tt","dioezese":"Eichst\u00e4tt","gebiet":"","klosterid":"3493","weihegrad":"","von":"1688","bis":"1690","anmerkung":"Auch Domherr (ab 1667)"},{"bezeichnung":"Domherr","art":"geistlich","institution":"Domstift Augsburg","ort":"Augsburg","dioezese":"Augsburg","gebiet":"","klosterid":"3498","weihegrad":"","von":"1682","bis":"1712","anmerkung":""},{"bezeichnung":"Propst","art":"geistlich","institution":"Kollegiatstift Unsere Liebe Frau, Eichst\u00e4tt","ort":"Eichst\u00e4tt","dioezese":"Eichst\u00e4tt","gebiet":"","klosterid":"60085","weihegrad":"","von":"1688","bis":"","anmerkung":""}],"item.gsn":[{"nummer":"054-00492-001"},{"nummer":"072-00269-001"},{"nummer":"076-00805-001"},{"nummer":"079-00976-001"},{"nummer":"086-00156-001"}],"item":{"art":"Person"}}]}