{"records":[{"person":{"id":"323739","modified":"2022-02-02 11:21:36","vorname":"Konrad III.","vornamenvarianten":"","namenspraefix":"von","familienname":"Bibra","familiennamenvarianten":"","namenszusatz":"","herkunftsname":"","titel":"","orden":"","geburtsdatum":"um 1490","sterbedatum":"1544","belegdaten":"1520\u20131544","taetigkeit":"","gndnummer":"118868381","cerlid":"","wiag":"WIAG-Pers-EPISCGatz-20074-001","wikidata":"Q104167","factgrid":"Q653957","verwandtschaften":"","anmerkungen":""},"fundstellen":[{"bandnummer":"NF 38,1","kurztitel":"NF 38,1, Bamberger Bisch\u00f6fe 1522-1693","banduri":"https:\/\/doi.org\/10.26015\/adwdocs-106","seiten":"201","seiten_links":[{"label":"201","book_id":"52","pdf_page":217}]},{"bandnummer":"NF 26","kurztitel":"NF 26, Stift Neum\u00fcnster in W\u00fcrzburg","banduri":"https:\/\/doi.org\/10.26015\/adwdocs-94","seiten":"142, 253, <b>314f.<\/b>, 349, 387, 555, 708","seiten_links":[{"label":"142","book_id":"36","pdf_page":158},{"label":" 253","book_id":"36","pdf_page":269},{"label":" <b>314f.<\/b>","book_id":"36","pdf_page":330},{"label":" 349","book_id":"36","pdf_page":365},{"label":" 387","book_id":"36","pdf_page":403},{"label":" 555","book_id":"36","pdf_page":571},{"label":" 708","book_id":"36","pdf_page":724}]},{"bandnummer":"NF 13","kurztitel":"NF 13, W\u00fcrzburger Bisch\u00f6fe 1455-1617","banduri":"https:\/\/doi.org\/10.26015\/adwdocs-86","seiten":"<b>100\u2013109<\/b>, 121, 124, 130","seiten_links":[{"label":"<b>100\u2013109<\/b>","book_id":"21","pdf_page":110},{"label":" 121","book_id":"21","pdf_page":131},{"label":" 124","book_id":"21","pdf_page":134},{"label":" 130","book_id":"21","pdf_page":140}]},{"bandnummer":"AF II, 1966","kurztitel":"AF II, Bistum Bamberg, Pfarreiorganisation","banduri":"https:\/\/doi.org\/10.26015\/adwdocs-343","seiten":"95","seiten_links":[{"label":"95","book_id":"7","pdf_page":103}]}],"aemter":[{"bezeichnung":"Bischof","art":"geistlich","institution":"","ort":"","dioezese":"W\u00fcrzburg","gebiet":"","klosterid":"","weihegrad":"","von":"1540","bis":"1544","anmerkung":""},{"bezeichnung":"Propst","art":"geistlich","institution":"Stift Neum\u00fcnster in W\u00fcrzburg","ort":"W\u00fcrzburg","dioezese":"W\u00fcrzburg","gebiet":"","klosterid":"1058","weihegrad":"","von":"1540","bis":"","anmerkung":""},{"bezeichnung":"Domherr","art":"geistlich","institution":"Domstift W\u00fcrzburg","ort":"W\u00fcrzburg","dioezese":"W\u00fcrzburg","gebiet":"","klosterid":"3502","weihegrad":"","von":"1520","bis":"","anmerkung":""},{"bezeichnung":"Domherr","art":"geistlich","institution":"Domstift Bamberg","ort":"Bamberg","dioezese":"Bamberg","gebiet":"","klosterid":"3492","weihegrad":"","von":"1523","bis":"","anmerkung":""}],"item.gsn":[{"nummer":"052-01296-001"},{"nummer":"021-00244-001"},{"nummer":"036-00852-001"},{"nummer":"007-00676-001"}],"item":{"art":"Person"}}]}