{"records":[{"person":{"id":"331152","modified":"2022-06-24 17:36:19","vorname":"Adrian","vornamenvarianten":"","namenspraefix":"von","familienname":"Twickel","familiennamenvarianten":"","namenszusatz":"","herkunftsname":"","titel":"","orden":"","geburtsdatum":"","sterbedatum":"","belegdaten":"1561\u20131564","taetigkeit":"","gndnummer":"","cerlid":"","wiag":"","wikidata":"","factgrid":"","verwandtschaften":"","anmerkungen":"in Dokkum"},"fundstellen":[{"bandnummer":"NF 37,4","kurztitel":"NF 37,4, Di\u00f6zese M\u00fcnster, Bisch\u00f6fe 805-1801","banduri":"https:\/\/doi.org\/10.26015\/adwdocs-105","seiten":"44, <b>134<\/b>","seiten_links":[{"label":"44","book_id":"51","pdf_page":66},{"label":" <b>134<\/b>","book_id":"51","pdf_page":156}]},{"bandnummer":"NF 37,1","kurztitel":"NF 37,1, Di\u00f6zese M\u00fcnster","banduri":"https:\/\/doi.org\/10.26015\/adwdocs-102","seiten":"451","seiten_links":[{"label":"451","book_id":"48","pdf_page":471}]}],"aemter":[{"bezeichnung":"Offizial","art":"geistlich","institution":"","ort":"","dioezese":"M\u00fcnster","gebiet":"","klosterid":"","weihegrad":"","von":"1561","bis":"1564","anmerkung":""}],"item.gsn":[{"nummer":"051-02704-001"},{"nummer":"048-06887-001"}],"item":{"art":"Person"}}]}