{"records":[{"person":{"id":"308864","modified":"2021-11-03 17:25:02","vorname":"Martin","vornamenvarianten":"","namenspraefix":"von","familienname":"Blya","familiennamenvarianten":"Blonda, de Campinis","namenszusatz":"","herkunftsname":"","titel":"","orden":"OCist","geburtsdatum":"","sterbedatum":"","belegdaten":"1432\u20131453","taetigkeit":"","gndnummer":"","cerlid":"","wiag":"WIAG-Pers-EPISCGatz-05314-001","wikidata":"Q97699109","factgrid":"Q653994","verwandtschaften":"","anmerkungen":"Zisterzienser in Klaarenkamp"},"fundstellen":[{"bandnummer":"NF 37,4","kurztitel":"NF 37,4, Di\u00f6zese M\u00fcnster, Bisch\u00f6fe 805-1801","banduri":"https:\/\/doi.org\/10.26015\/adwdocs-105","seiten":"20","seiten_links":[{"label":"20","book_id":"51","pdf_page":42}]},{"bandnummer":"NF 37,2","kurztitel":"NF 37,2, Di\u00f6zese M\u00fcnster","banduri":"https:\/\/doi.org\/10.26015\/adwdocs-103","seiten":"77","seiten_links":[{"label":"77","book_id":"49","pdf_page":89}]}],"aemter":[{"bezeichnung":"Weihbischof","art":"geistlich","institution":"","ort":"","dioezese":"Utrecht","gebiet":"","klosterid":"","weihegrad":"","von":"1432","bis":"1453","anmerkung":""},{"bezeichnung":"Weihbischof","art":"geistlich","institution":"","ort":"","dioezese":"M\u00fcnster","gebiet":"","klosterid":"","weihegrad":"","von":"1450","bis":"1453","anmerkung":"Im friesischen Teil der Di\u00f6zese"},{"bezeichnung":"Titularbischof","art":"geistlich","institution":"","ort":"","dioezese":"Mayo","gebiet":"","klosterid":"","weihegrad":"","von":"1432","bis":"","anmerkung":"episcopus Magionensis"},{"bezeichnung":"M\u00f6nch","art":"geistlich","institution":"Zisterzienserabtei Claro Campo","ort":"Klaarenkamp","dioezese":"Utrecht","gebiet":"","klosterid":"92477","weihegrad":"","von":"vor 1432","bis":"","anmerkung":""}],"item.gsn":[{"nummer":"051-01771-001"},{"nummer":"049-06018-001"}],"item":{"art":"Person"}}]}