{"records":[{"person":{"id":"334130","modified":"2023-08-08 10:10:25","vorname":"Wilhelm I.","vornamenvarianten":"","namenspraefix":"","familienname":"","familiennamenvarianten":"","namenszusatz":"von Braunschweig-Wolfenb\u00fcttel; der \u00c4ltere","herkunftsname":"","titel":"","orden":"","geburtsdatum":"1392","sterbedatum":"1482","belegdaten":"1392\u20131482","taetigkeit":"","gndnummer":"136198600","cerlid":"","wiag":"","wikidata":"Q667966","factgrid":"","verwandtschaften":"","anmerkungen":""},"fundstellen":[{"bandnummer":"S 5","kurztitel":"S5, Hildesheimer Weihbisch\u00f6fe bis 1504","banduri":"https:\/\/doi.org\/10.26015\/adwdocs-4442","seiten":"53","seiten_links":[{"label":"53","book_id":"1029","pdf_page":61}]},{"bandnummer":"NF 37,3","kurztitel":"NF 37,3, Di\u00f6zese M\u00fcnster","banduri":"https:\/\/doi.org\/10.26015\/adwdocs-104","seiten":"471","seiten_links":[{"label":"471","book_id":"50","pdf_page":515}]},{"bandnummer":"NF 37,1","kurztitel":"NF 37,1, Di\u00f6zese M\u00fcnster","banduri":"https:\/\/doi.org\/10.26015\/adwdocs-102","seiten":"190","seiten_links":[{"label":"190","book_id":"48","pdf_page":210}]},{"bandnummer":"NF 8","kurztitel":"NF 8, Kl\u00f6ster Brunshausen, St. Marien, Clus, Gandersheim","banduri":"https:\/\/doi.org\/10.26015\/adwdocs-77","seiten":"109, 110, 136, 253","seiten_links":[{"label":"109","book_id":"16","pdf_page":125},{"label":" 110","book_id":"16","pdf_page":126},{"label":" 136","book_id":"16","pdf_page":152},{"label":" 253","book_id":"16","pdf_page":269}]},{"bandnummer":"NF 7","kurztitel":"NF 7, Kanonissenstift Gandersheim","banduri":"https:\/\/doi.org\/10.26015\/adwdocs-84","seiten":"111, 114, 327, 409, 411, 491","seiten_links":[{"label":"111","book_id":"15","pdf_page":121},{"label":" 114","book_id":"15","pdf_page":124},{"label":" 327","book_id":"15","pdf_page":337},{"label":" 409","book_id":"15","pdf_page":419},{"label":" 411","book_id":"15","pdf_page":421},{"label":" 491","book_id":"15","pdf_page":501}]},{"bandnummer":"AF I, 1933","kurztitel":"AF I, Bistum Havelberg","banduri":"https:\/\/doi.org\/10.26015\/adwdocs-338","seiten":"61","seiten_links":[{"label":"61","book_id":"3","pdf_page":73}]}],"aemter":[{"bezeichnung":"Herzog","art":"weltlich","institution":"","ort":"","dioezese":"","gebiet":"Braunschweig-Wolfenb\u00fcttel","klosterid":"","weihegrad":"","von":"1428","bis":"1482","anmerkung":"Herzog 1428-1432 und 1473-1482"},{"bezeichnung":"F\u00fcrst","art":"weltlich","institution":"","ort":"","dioezese":"","gebiet":"Calenberg","klosterid":"","weihegrad":"","von":"1432","bis":"1473","anmerkung":""},{"bezeichnung":"F\u00fcrst","art":"weltlich","institution":"","ort":"","dioezese":"","gebiet":"L\u00fcneburg","klosterid":"","weihegrad":"","von":"1416","bis":"1428","anmerkung":""},{"bezeichnung":"F\u00fcrst","art":"weltlich","institution":"","ort":"","dioezese":"","gebiet":"G\u00f6ttingen","klosterid":"","weihegrad":"","von":"1463","bis":"1473","anmerkung":""}],"item.gsn":[{"nummer":"048-07431-001"},{"nummer":"015-06147-001"},{"nummer":"016-03946-001"},{"nummer":"050-07892-001"},{"nummer":"003-02423-005"},{"nummer":"306-00143-001"}],"item":{"art":"Person"}}]}