{"records":[{"person":{"id":"338960","modified":"2024-11-03 12:13:56","vorname":"Ferdinand","vornamenvarianten":"","namenspraefix":"Freiherr von","familienname":"Plettenberg","familiennamenvarianten":"","namenszusatz":"","herkunftsname":"","titel":"","orden":"","geburtsdatum":"1650","sterbedatum":"1712","belegdaten":"1667\u20131712","taetigkeit":"Kurk\u00f6lnischer Minister, M\u00fcnsterischer Geheimer Rat","gndnummer":"139216138","cerlid":"","wiag":"WIAG-Pers-CANON-11018-001","wikidata":"Q1406011","factgrid":"Q646442","verwandtschaften":"","anmerkungen":""},"fundstellen":[{"bandnummer":"3F 22","kurztitel":"3. F. 22, Trierer Erzbisch\u00f6fe von 1623 bis 1802","banduri":"","seiten":"416","seiten_links":[]},{"bandnummer":"NF 37,3","kurztitel":"NF 37,3, Di\u00f6zese M\u00fcnster","banduri":"https:\/\/doi.org\/10.26015\/adwdocs-104","seiten":"660, 672","seiten_links":[{"label":"660","book_id":"50","pdf_page":704},{"label":" 672","book_id":"50","pdf_page":716}]},{"bandnummer":"NF 37,1","kurztitel":"NF 37,1, Di\u00f6zese M\u00fcnster","banduri":"https:\/\/doi.org\/10.26015\/adwdocs-102","seiten":"281, 284, 616","seiten_links":[{"label":"281","book_id":"48","pdf_page":301},{"label":" 284","book_id":"48","pdf_page":304},{"label":" 616","book_id":"48","pdf_page":636}]},{"bandnummer":"NF 17,3","kurztitel":"NF 17,3, Domstift St. Paulus zu M\u00fcnster","banduri":"https:\/\/doi.org\/10.26015\/adwdocs-90","seiten":"281","seiten_links":[{"label":"281","book_id":"27","pdf_page":311}]},{"bandnummer":"NF 17,2","kurztitel":"NF 17,2, Domstift St. Paulus zu M\u00fcnster","banduri":"https:\/\/doi.org\/10.26015\/adwdocs-89","seiten":"<b>71f.<\/b>, 159, 198, 681, 705, 708, 719, 723, 738, 751","seiten_links":[{"label":"<b>71f.<\/b>","book_id":"26","pdf_page":105},{"label":" 159","book_id":"26","pdf_page":193},{"label":" 198","book_id":"26","pdf_page":232},{"label":" 681","book_id":"26","pdf_page":715},{"label":" 705","book_id":"26","pdf_page":739},{"label":" 708","book_id":"26","pdf_page":742},{"label":" 719","book_id":"26","pdf_page":753},{"label":" 723","book_id":"26","pdf_page":757},{"label":" 738","book_id":"26","pdf_page":772},{"label":" 751","book_id":"26","pdf_page":785}]},{"bandnummer":"NF 17,1","kurztitel":"NF 17,1, Domstift St. Paulus zu M\u00fcnster","banduri":"https:\/\/doi.org\/10.26015\/adwdocs-88","seiten":"74, 237","seiten_links":[{"label":"74","book_id":"25","pdf_page":90},{"label":" 237","book_id":"25","pdf_page":253}]}],"aemter":[{"bezeichnung":"Dompropst","art":"geistlich","institution":"Domstift M\u00fcnster","ort":"M\u00fcnster","dioezese":"M\u00fcnster","gebiet":"","klosterid":"628","weihegrad":"","von":"1700","bis":"1712","anmerkung":""},{"bezeichnung":"Domdekan","art":"geistlich","institution":"Domstift Paderborn","ort":"Paderborn","dioezese":"Paderborn","gebiet":"","klosterid":"953","weihegrad":"","von":"1684","bis":"1712","anmerkung":""},{"bezeichnung":"Domk\u00fcster","art":"geistlich","institution":"Domstift Hildesheim","ort":"Hildesheim","dioezese":"Hildesheim","gebiet":"","klosterid":"832","weihegrad":"","von":"1698","bis":"","anmerkung":""}],"item.gsn":[{"nummer":"048-05600-001"},{"nummer":"025-06280-001"},{"nummer":"026-06264-001"},{"nummer":"027-05451-001"},{"nummer":"050-06207-001"},{"nummer":"086-00484-001"}],"item":{"art":"Person"}}]}