{"records":[{"person":{"id":"338832","modified":"2024-11-01 16:04:14","vorname":"Karl XI.","vornamenvarianten":"","namenspraefix":"","familienname":"","familiennamenvarianten":"","namenszusatz":"","herkunftsname":"","titel":"","orden":"","geburtsdatum":"1655","sterbedatum":"1697","belegdaten":"1660\u20131697","taetigkeit":"","gndnummer":"119160978","cerlid":"","wiag":"","wikidata":"Q52935","factgrid":"","verwandtschaften":"","anmerkungen":""},"fundstellen":[{"bandnummer":"3F 22","kurztitel":"3. F. 22, Trierer Erzbisch\u00f6fe von 1623 bis 1802","banduri":"","seiten":"313","seiten_links":[]},{"bandnummer":"NF 37,1","kurztitel":"NF 37,1, Di\u00f6zese M\u00fcnster","banduri":"https:\/\/doi.org\/10.26015\/adwdocs-102","seiten":"282","seiten_links":[{"label":"282","book_id":"48","pdf_page":302}]}],"aemter":[{"bezeichnung":"K\u00f6nig","art":"weltlich","institution":"","ort":"","dioezese":"","gebiet":"Schweden","klosterid":"","weihegrad":"","von":"1660","bis":"1697","anmerkung":""},{"bezeichnung":"Herzog","art":"weltlich","institution":"","ort":"","dioezese":"","gebiet":"Bremen-Verden","klosterid":"","weihegrad":"","von":"1660","bis":"1697","anmerkung":""}],"item.gsn":[{"nummer":"048-03596-001"},{"nummer":"086-00680-001"}],"item":{"art":"Person"}}]}