{"records":[{"person":{"id":"285400","modified":"2014-03-03 16:44:33","vorname":"Caspar Ferdinand","vornamenvarianten":"","namenspraefix":"","familienname":"Droste zu F\u00fcchten","familiennamenvarianten":"","namenszusatz":"","herkunftsname":"","titel":"","orden":"","geburtsdatum":"","sterbedatum":"1774","belegdaten":"1713\u20131774","taetigkeit":"Siegler; Kammerpr\u00e4sident; M\u00fcnsterischer Geheimer Rat, Obristj\u00e4germeister, Hofkammerpr\u00e4sident, Preu\u00dfischer Geheimer Rat","gndnummer":"173225306","cerlid":"","wiag":"WIAG-Pers-CANON-10928-001","wikidata":"Q1047874","factgrid":"Q721457","verwandtschaften":"","anmerkungen":""},"fundstellen":[{"bandnummer":"NF 37,4","kurztitel":"NF 37,4, Di\u00f6zese M\u00fcnster, Bisch\u00f6fe 805-1801","banduri":"https:\/\/doi.org\/10.26015\/adwdocs-105","seiten":"207","seiten_links":[{"label":"207","book_id":"51","pdf_page":229}]},{"bandnummer":"NF 37,1","kurztitel":"NF 37,1, Di\u00f6zese M\u00fcnster","banduri":"https:\/\/doi.org\/10.26015\/adwdocs-102","seiten":"22, 300, 549, 612","seiten_links":[{"label":"22","book_id":"48","pdf_page":42},{"label":" 300","book_id":"48","pdf_page":320},{"label":" 549","book_id":"48","pdf_page":569},{"label":" 612","book_id":"48","pdf_page":632}]},{"bandnummer":"NF 17,2","kurztitel":"NF 17,2, Domstift St. Paulus zu M\u00fcnster","banduri":"https:\/\/doi.org\/10.26015\/adwdocs-89","seiten":"<b>159f.<\/b>, 742, 759","seiten_links":[{"label":"<b>159f.<\/b>","book_id":"26","pdf_page":193},{"label":" 742","book_id":"26","pdf_page":776},{"label":" 759","book_id":"26","pdf_page":793}]},{"bandnummer":"NF 17,1","kurztitel":"NF 17,1, Domstift St. Paulus zu M\u00fcnster","banduri":"https:\/\/doi.org\/10.26015\/adwdocs-88","seiten":"197","seiten_links":[{"label":"197","book_id":"25","pdf_page":213}]}],"aemter":[{"bezeichnung":"Domdechant","art":"geistlich","institution":"Domstift M\u00fcnster","ort":"M\u00fcnster","dioezese":"M\u00fcnster","gebiet":"","klosterid":"628","weihegrad":"","von":"1770","bis":"1774","anmerkung":""},{"bezeichnung":"Generalvikar","art":"geistlich","institution":"","ort":"","dioezese":"M\u00fcnster","gebiet":"","klosterid":"","weihegrad":"","von":"1761","bis":"1774","anmerkung":""},{"bezeichnung":"Domherr","art":"geistlich","institution":"Domstift Hildesheim","ort":"Hildesheim","dioezese":"Hildesheim","gebiet":"","klosterid":"832","weihegrad":"","von":"1728","bis":"","anmerkung":""},{"bezeichnung":"Archidiakon","art":"geistlich","institution":"","ort":"Stadtlohn","dioezese":"","gebiet":"","klosterid":"","weihegrad":"","von":"","bis":"","anmerkung":""},{"bezeichnung":"Propst","art":"geistlich","institution":"","ort":"Soest","dioezese":"","gebiet":"","klosterid":"","weihegrad":"","von":"","bis":"","anmerkung":""},{"bezeichnung":"Domherr","art":"geistlich","institution":"Domstift Paderborn","ort":"Paderborn","dioezese":"Paderborn","gebiet":"","klosterid":"953","weihegrad":"","von":"1741","bis":"","anmerkung":""},{"bezeichnung":"Domherr","art":"geistlich","institution":"Domstift M\u00fcnster","ort":"M\u00fcnster","dioezese":"M\u00fcnster","gebiet":"","klosterid":"628","weihegrad":"","von":"1746","bis":"","anmerkung":""}],"item.gsn":[{"nummer":"048-01421-001"},{"nummer":"025-02386-001"},{"nummer":"026-02082-001"},{"nummer":"051-00536-001"}],"item":{"art":"Person"}}]}