{"records":[{"person":{"id":"300625","modified":"2016-10-27 17:46:06","vorname":"Gabriel","vornamenvarianten":"","namenspraefix":"","familienname":"M\u00e4le\u00dfkircher","familiennamenvarianten":"M\u00e4leskircher","namenszusatz":"","herkunftsname":"","titel":"","orden":"","geburtsdatum":"","sterbedatum":"um 1495","belegdaten":"vor 1495","taetigkeit":"Maler","gndnummer":"119301792","cerlid":"","wiag":"","wikidata":"Q1489489","factgrid":"","verwandtschaften":"","anmerkungen":""},"fundstellen":[{"bandnummer":"NF 28","kurztitel":"NF 28, Benediktinerabtei Benediktbeuern","banduri":"https:\/\/doi.org\/10.26015\/adwdocs-95","seiten":"283","seiten_links":[{"label":"283","book_id":"38","pdf_page":301}]},{"bandnummer":"NF 11","kurztitel":"NF 11, Zisterzienserabtei Raitenhaslach","banduri":"https:\/\/doi.org\/10.26015\/adwdocs-120","seiten":"31, 119, 286","seiten_links":[{"label":"31","book_id":"19","pdf_page":42},{"label":" 119","book_id":"19","pdf_page":130},{"label":" 286","book_id":"19","pdf_page":297}]}],"aemter":[],"item.gsn":[{"nummer":"038-02333-001"},{"nummer":"019-00966-001"}],"item":{"art":"Person"}}]}