{"records":[{"person":{"id":"109622","modified":"2025-03-28 14:34:37","vorname":"Johann","vornamenvarianten":"","namenspraefix":"","familienname":"Praetorius","familiennamenvarianten":"","namenszusatz":"","herkunftsname":"","titel":"","orden":"","geburtsdatum":"","sterbedatum":"","belegdaten":"1643\u20131650","taetigkeit":"","gndnummer":"","cerlid":"","wiag":"","wikidata":"","factgrid":"","verwandtschaften":"","anmerkungen":"aus Luxemburg?"},"fundstellen":[{"bandnummer":"NF 17,3","kurztitel":"NF 17,3, Domstift St. Paulus zu M\u00fcnster","banduri":"https:\/\/doi.org\/10.26015\/adwdocs-90","seiten":"254, <b>277<\/b>","seiten_links":[{"label":"254","book_id":"27","pdf_page":284},{"label":" <b>277<\/b>","book_id":"27","pdf_page":307}]}],"aemter":[{"bezeichnung":"Domvikar","art":"geistlich","institution":"Domstift M\u00fcnster","ort":"M\u00fcnster","dioezese":"M\u00fcnster","gebiet":"","klosterid":"628","weihegrad":"","von":"1650","bis":"","anmerkung":"Vikarie Trium regum et S. Catharinae"}],"item.gsn":[{"nummer":"027-05489-001"}],"item":{"art":"Person"}}]}