{"records":[{"person":{"id":"309336","modified":"2018-02-27 09:52:38","vorname":"Bernhard","vornamenvarianten":"","namenspraefix":"","familienname":"Dorhoff","familiennamenvarianten":"Doerhoff, Durhoff","namenszusatz":"","herkunftsname":"","titel":"","orden":"","geburtsdatum":"","sterbedatum":"1668","belegdaten":"1593\u20131668","taetigkeit":"","gndnummer":"","cerlid":"","wiag":"WIAG-Pers-CANON-87083-001","wikidata":"","factgrid":"","verwandtschaften":"","anmerkungen":""},"fundstellen":[{"bandnummer":"NF 17,3","kurztitel":"NF 17,3, Domstift St. Paulus zu M\u00fcnster","banduri":"https:\/\/doi.org\/10.26015\/adwdocs-90","seiten":"195, 218, 220, 223, 230, 232, 244, 247, 251f., <b>254f.<\/b>, 257, 260, 277, 296","seiten_links":[{"label":"195","book_id":"27","pdf_page":225},{"label":" 218","book_id":"27","pdf_page":248},{"label":" 220","book_id":"27","pdf_page":250},{"label":" 223","book_id":"27","pdf_page":253},{"label":" 230","book_id":"27","pdf_page":260},{"label":" 232","book_id":"27","pdf_page":262},{"label":" 244","book_id":"27","pdf_page":274},{"label":" 247","book_id":"27","pdf_page":277},{"label":" 251f.","book_id":"27","pdf_page":281},{"label":" <b>254f.<\/b>","book_id":"27","pdf_page":284},{"label":" 257","book_id":"27","pdf_page":287},{"label":" 260","book_id":"27","pdf_page":290},{"label":" 277","book_id":"27","pdf_page":307},{"label":" 296","book_id":"27","pdf_page":326}]},{"bandnummer":"NF 17,2","kurztitel":"NF 17,2, Domstift St. Paulus zu M\u00fcnster","banduri":"https:\/\/doi.org\/10.26015\/adwdocs-89","seiten":"237, 354, 658","seiten_links":[{"label":"237","book_id":"26","pdf_page":271},{"label":" 354","book_id":"26","pdf_page":388},{"label":" 658","book_id":"26","pdf_page":692}]},{"bandnummer":"NF 17,1","kurztitel":"NF 17,1, Domstift St. Paulus zu M\u00fcnster","banduri":"https:\/\/doi.org\/10.26015\/adwdocs-88","seiten":"111","seiten_links":[{"label":"111","book_id":"25","pdf_page":127}]}],"aemter":[{"bezeichnung":"Domvikar","art":"geistlich","institution":"Domstift M\u00fcnster","ort":"M\u00fcnster","dioezese":"M\u00fcnster","gebiet":"","klosterid":"628","weihegrad":"","von":"1620","bis":"1668","anmerkung":"Offiziant in der Marienkapelle, Rector Trium regum et S. Catharinae, Dombibliothekar"}],"item.gsn":[{"nummer":"027-01896-001"},{"nummer":"025-02122-001"},{"nummer":"026-01987-001"}],"item":{"art":"Person"}}]}