{"records":[{"person":{"id":"98715","modified":"2021-05-06 10:21:59","vorname":"Friedrich","vornamenvarianten":"","namenspraefix":"von","familienname":"Altena-Isenburg","familiennamenvarianten":"","namenszusatz":"","herkunftsname":"","titel":"","orden":"","geburtsdatum":"","sterbedatum":"1226","belegdaten":"vor 1226","taetigkeit":"","gndnummer":"","cerlid":"","wiag":"WIAG-Pers-CANON-18458-001","wikidata":"Q314662","factgrid":"Q724576","verwandtschaften":"","anmerkungen":""},"fundstellen":[{"bandnummer":"NF 17,2","kurztitel":"NF 17,2, Domstift St. Paulus zu M\u00fcnster","banduri":"https:\/\/doi.org\/10.26015\/adwdocs-89","seiten":"412","seiten_links":[{"label":"412","book_id":"26","pdf_page":446}]}],"aemter":[{"bezeichnung":"Domherr","art":"geistlich","institution":"Domstift K\u00f6ln","ort":"K\u00f6ln","dioezese":"K\u00f6ln","gebiet":"","klosterid":"3503","weihegrad":"","von":"vor 1226","bis":"","anmerkung":""}],"item.gsn":[{"nummer":"026-02807-001"}],"item":{"art":"Person"}}]}