{"records":[{"person":{"id":"98638","modified":"2018-01-04 10:31:21","vorname":"Franco","vornamenvarianten":"Franko","namenspraefix":"","familienname":"Momm von Kell","familiennamenvarianten":"","namenszusatz":"","herkunftsname":"","titel":"","orden":"","geburtsdatum":"","sterbedatum":"1481","belegdaten":"1453\u20131481","taetigkeit":"","gndnummer":"","cerlid":"","wiag":"WIAG-Pers-CANON-81615-001","wikidata":"","factgrid":"Q1786695","verwandtschaften":"","anmerkungen":""},"fundstellen":[{"bandnummer":"NF 17,2","kurztitel":"NF 17,2, Domstift St. Paulus zu M\u00fcnster","banduri":"https:\/\/doi.org\/10.26015\/adwdocs-89","seiten":"<b>574f.<\/b>","seiten_links":[{"label":"<b>574f.<\/b>","book_id":"26","pdf_page":608}]}],"aemter":[{"bezeichnung":"Domherr","art":"geistlich","institution":"Domstift M\u00fcnster","ort":"M\u00fcnster","dioezese":"M\u00fcnster","gebiet":"","klosterid":"628","weihegrad":"","von":"1466","bis":"1481","anmerkung":""},{"bezeichnung":"Domherr","art":"geistlich","institution":"Domstift Paderborn","ort":"Paderborn","dioezese":"Paderborn","gebiet":"","klosterid":"953","weihegrad":"","von":"1453","bis":"","anmerkung":"p\u00e4pstliche Expektanz"}],"item.gsn":[{"nummer":"026-02730-001"}],"item":{"art":"Person"}}]}