{"records":[{"person":{"id":"307175","modified":"2017-06-08 09:54:43","vorname":"Arnold","vornamenvarianten":"","namenspraefix":"von","familienname":"Vittinghoff","familiennamenvarianten":"","namenszusatz":"genannt Schell","herkunftsname":"","titel":"","orden":"","geburtsdatum":"1593","sterbedatum":"1666","belegdaten":"1593\u20131666","taetigkeit":"","gndnummer":"","cerlid":"","wiag":"WIAG-Pers-CANON-16857-001","wikidata":"Q64899084","factgrid":"Q723986","verwandtschaften":"","anmerkungen":""},"fundstellen":[{"bandnummer":"NF 47","kurztitel":"NF 47, Kollegiatstift St. Mauritz vor M\u00fcnster","banduri":"https:\/\/doi.org\/10.26015\/adwdocs-114","seiten":"21, <b>299<\/b>","seiten_links":[{"label":"21","book_id":"61","pdf_page":35},{"label":" <b>299<\/b>","book_id":"61","pdf_page":313}]},{"bandnummer":"NF 44","kurztitel":"NF 44, Damenstift Nottuln","banduri":"https:\/\/doi.org\/10.26015\/adwdocs-110","seiten":"233","seiten_links":[{"label":"233","book_id":"58","pdf_page":249}]},{"bandnummer":"NF 17,3","kurztitel":"NF 17,3, Domstift St. Paulus zu M\u00fcnster","banduri":"https:\/\/doi.org\/10.26015\/adwdocs-90","seiten":"244, 257, 261, 263, 279","seiten_links":[{"label":"244","book_id":"27","pdf_page":274},{"label":" 257","book_id":"27","pdf_page":287},{"label":" 261","book_id":"27","pdf_page":291},{"label":" 263","book_id":"27","pdf_page":293},{"label":" 279","book_id":"27","pdf_page":309}]},{"bandnummer":"NF 17,2","kurztitel":"NF 17,2, Domstift St. Paulus zu M\u00fcnster","banduri":"https:\/\/doi.org\/10.26015\/adwdocs-89","seiten":"198, 235f., 313, 376, 653, 659, 661, <b>662<\/b>, 665, 680, 686, 698","seiten_links":[{"label":"198","book_id":"26","pdf_page":232},{"label":" 235f.","book_id":"26","pdf_page":269},{"label":" 313","book_id":"26","pdf_page":347},{"label":" 376","book_id":"26","pdf_page":410},{"label":" 653","book_id":"26","pdf_page":687},{"label":" 659","book_id":"26","pdf_page":693},{"label":" 661","book_id":"26","pdf_page":695},{"label":" <b>662<\/b>","book_id":"26","pdf_page":696},{"label":" 665","book_id":"26","pdf_page":699},{"label":" 680","book_id":"26","pdf_page":714},{"label":" 686","book_id":"26","pdf_page":720},{"label":" 698","book_id":"26","pdf_page":732}]},{"bandnummer":"NF 17,1","kurztitel":"NF 17,1, Domstift St. Paulus zu M\u00fcnster","banduri":"https:\/\/doi.org\/10.26015\/adwdocs-88","seiten":"84, 101","seiten_links":[{"label":"84","book_id":"25","pdf_page":100},{"label":" 101","book_id":"25","pdf_page":117}]}],"aemter":[{"bezeichnung":"Propst","art":"geistlich","institution":"Stift St. Mauritz, M\u00fcnster","ort":"M\u00fcnster","dioezese":"M\u00fcnster","gebiet":"","klosterid":"629","weihegrad":"","von":"1625","bis":"1666","anmerkung":""},{"bezeichnung":"Domherr","art":"geistlich","institution":"Domstift M\u00fcnster","ort":"M\u00fcnster","dioezese":"M\u00fcnster","gebiet":"","klosterid":"628","weihegrad":"","von":"1616","bis":"1666","anmerkung":""},{"bezeichnung":"Domherr","art":"geistlich","institution":"Domstift Paderborn","ort":"Paderborn","dioezese":"Paderborn","gebiet":"","klosterid":"953","weihegrad":"","von":"1666","bis":"","anmerkung":""}],"item.gsn":[{"nummer":"026-02640-001"},{"nummer":"025-03034-001"},{"nummer":"027-02413-001"},{"nummer":"058-02113-001"},{"nummer":"061-02404-001"}],"item":{"art":"Person"}}]}