{"records":[{"person":{"id":"308107","modified":"2017-09-27 10:25:13","vorname":"Johann Karl Adolf","vornamenvarianten":"Johann Carl Adolf","namenspraefix":"Freiherr von","familienname":"Droste zu Senden","familiennamenvarianten":"","namenszusatz":"","herkunftsname":"","titel":"","orden":"","geburtsdatum":"1692","sterbedatum":"1761","belegdaten":"1692\u20131761","taetigkeit":"Pr\u00e4sident Geheimer Rat","gndnummer":"1012858472","cerlid":"","wiag":"WIAG-Pers-CANON-17754-001","wikidata":"Q60768028","factgrid":"Q724318","verwandtschaften":"","anmerkungen":""},"fundstellen":[{"bandnummer":"NF 44","kurztitel":"NF 44, Damenstift Nottuln","banduri":"https:\/\/doi.org\/10.26015\/adwdocs-110","seiten":"251","seiten_links":[{"label":"251","book_id":"58","pdf_page":267}]},{"bandnummer":"NF 37,4","kurztitel":"NF 37,4, Di\u00f6zese M\u00fcnster, Bisch\u00f6fe 805-1801","banduri":"https:\/\/doi.org\/10.26015\/adwdocs-105","seiten":"209","seiten_links":[{"label":"209","book_id":"51","pdf_page":231}]},{"bandnummer":"NF 17,3","kurztitel":"NF 17,3, Domstift St. Paulus zu M\u00fcnster","banduri":"https:\/\/doi.org\/10.26015\/adwdocs-90","seiten":"347, 350, 396","seiten_links":[{"label":"347","book_id":"27","pdf_page":377},{"label":" 350","book_id":"27","pdf_page":380},{"label":" 396","book_id":"27","pdf_page":426}]},{"bandnummer":"NF 17,2","kurztitel":"NF 17,2, Domstift St. Paulus zu M\u00fcnster","banduri":"https:\/\/doi.org\/10.26015\/adwdocs-89","seiten":"<b>205f.<\/b>, 377, 720, 725, 731, 755","seiten_links":[{"label":"<b>205f.<\/b>","book_id":"26","pdf_page":239},{"label":" 377","book_id":"26","pdf_page":411},{"label":" 720","book_id":"26","pdf_page":754},{"label":" 725","book_id":"26","pdf_page":759},{"label":" 731","book_id":"26","pdf_page":765},{"label":" 755","book_id":"26","pdf_page":789}]},{"bandnummer":"NF 17,1","kurztitel":"NF 17,1, Domstift St. Paulus zu M\u00fcnster","banduri":"https:\/\/doi.org\/10.26015\/adwdocs-88","seiten":"197","seiten_links":[{"label":"197","book_id":"25","pdf_page":213}]}],"aemter":[{"bezeichnung":"Domscholaster","art":"geistlich","institution":"Domstift M\u00fcnster","ort":"M\u00fcnster","dioezese":"M\u00fcnster","gebiet":"","klosterid":"628","weihegrad":"","von":"1748","bis":"1761","anmerkung":"Domherr seit 1713, Archidiakon Warendorf und auf dem Drein"},{"bezeichnung":"Domherr","art":"geistlich","institution":"Domstift Speyer","ort":"Speyer","dioezese":"Speyer","gebiet":"","klosterid":"3489","weihegrad":"","von":"1709","bis":"","anmerkung":""},{"bezeichnung":"Propst","art":"geistlich","institution":"Stift St. Martini","ort":"M\u00fcnster","dioezese":"M\u00fcnster","gebiet":"","klosterid":"2011","weihegrad":"","von":"1733","bis":"1761","anmerkung":""}],"item.gsn":[{"nummer":"026-02114-001"},{"nummer":"025-02390-001"},{"nummer":"027-01975-001"},{"nummer":"051-00539-001"},{"nummer":"058-01669-001"}],"item":{"art":"Person"}}]}