{"records":[{"person":{"id":"331740","modified":"2022-07-20 17:05:04","vorname":"Albrecht","vornamenvarianten":"Albert","namenspraefix":"","familienname":"Blarer","familiennamenvarianten":"","namenszusatz":"","herkunftsname":"","titel":"","orden":"","geburtsdatum":"","sterbedatum":"1441","belegdaten":"1379\u20131441","taetigkeit":"","gndnummer":"1017854483","cerlid":"","wiag":"WIAG-Pers-EPISCGatz-02920-001","wikidata":"Q1451105","factgrid":"Q653981","verwandtschaften":"","anmerkungen":""},"fundstellen":[{"bandnummer":"3F 20","kurztitel":"3. F. 20, Konstanzer Bisch\u00f6fe (1384-1434)","banduri":"https:\/\/doi.org\/10.26015\/adwdocs-2527","seiten":"33, 35, 95, 109, 113, 129, 141, 154f., <b>159\u2013195<\/b>, 199\u2013203, 212f., 218f., 232","seiten_links":[{"label":"33","book_id":"1023","pdf_page":45},{"label":" 35","book_id":"1023","pdf_page":47},{"label":" 95","book_id":"1023","pdf_page":107},{"label":" 109","book_id":"1023","pdf_page":121},{"label":" 113","book_id":"1023","pdf_page":125},{"label":" 129","book_id":"1023","pdf_page":141},{"label":" 141","book_id":"1023","pdf_page":153},{"label":" 154f.","book_id":"1023","pdf_page":166},{"label":" <b>159\u2013195<\/b>","book_id":"1023","pdf_page":171},{"label":" 199\u2013203","book_id":"1023","pdf_page":211},{"label":" 212f.","book_id":"1023","pdf_page":224},{"label":" 218f.","book_id":"1023","pdf_page":230},{"label":" 232","book_id":"1023","pdf_page":244}]},{"bandnummer":"NF 15","kurztitel":"NF 15, Stift St. Stephan in Konstanz","banduri":"https:\/\/doi.org\/10.26015\/adwdocs-87","seiten":"<b>258\u2013260<\/b>","seiten_links":[{"label":"<b>258\u2013260<\/b>","book_id":"23","pdf_page":272}]}],"aemter":[{"bezeichnung":"Bischof","art":"geistlich","institution":"","ort":"","dioezese":"Konstanz","gebiet":"","klosterid":"","weihegrad":"","von":"1407","bis":"1410","anmerkung":""},{"bezeichnung":"Propst","art":"geistlich","institution":"Stift St. Stephan, Konstanz","ort":"Konstanz","dioezese":"Konstanz","gebiet":"","klosterid":"1043","weihegrad":"","von":"1406","bis":"1422","anmerkung":"Propst 1406\u20131407 und 1417-1422"},{"bezeichnung":"Dompropst","art":"geistlich","institution":"Domstift Konstanz","ort":"Konstanz","dioezese":"Konstanz","gebiet":"","klosterid":"3499","weihegrad":"","von":"1391","bis":"1407","anmerkung":"ab 1385\/1388 Domherr"},{"bezeichnung":"Kanonikatsanw\u00e4rter","art":"geistlich","institution":"Kollegiatstift St. Felix und Regula, Z\u00fcrich (Gro\u00dfm\u00fcnster), Schweiz","ort":"Z\u00fcrich","dioezese":"Konstanz","gebiet":"","klosterid":"3445","weihegrad":"","von":"1389","bis":"1391","anmerkung":""}],"item.gsn":[{"nummer":"023-00041-001"},{"nummer":"084-00010-001"}],"item":{"art":"Person"}}]}