{"records":[{"person":{"id":"335236","modified":"2023-11-01 18:03:39","vorname":"Albrecht IV.","vornamenvarianten":"Albrecht","namenspraefix":"","familienname":"","familiennamenvarianten":"","namenszusatz":"der Weise, von Bayern","herkunftsname":"","titel":"","orden":"","geburtsdatum":"1447","sterbedatum":"1508","belegdaten":"1456\u20131508","taetigkeit":"1461 an der Universit\u00e4t K\u00f6ln immatrikuliert, studierte 1463 in Siena, Rom und Pavia","gndnummer":"118644327","cerlid":"","wiag":"WIAG-Pers-CANON-49841-001","wikidata":"Q60942","factgrid":"Q700909","verwandtschaften":"","anmerkungen":""},"fundstellen":[{"bandnummer":"St NF 12","kurztitel":"St NF 12, Domkapitel K\u00f6ln (1414-1463)","banduri":"https:\/\/doi.org\/10.26015\/adwdocs-1957","seiten":"<b>377f.<\/b>, 382, 433","seiten_links":[{"label":"<b>377f.<\/b>","book_id":"1024","pdf_page":387},{"label":" 382","book_id":"1024","pdf_page":392},{"label":" 433","book_id":"1024","pdf_page":443}]},{"bandnummer":"3F 21","kurztitel":"3. F. 21, Mainzer Erzbisch\u00f6fe von 1396 bis 1484","banduri":"","seiten":"171","seiten_links":[]},{"bandnummer":"3F 15","kurztitel":"3. F. 15, Benediktinerinnenabtei  St. Walburg, Eichst\u00e4tt","banduri":"https:\/\/doi.org\/10.26015\/adwdocs-1474","seiten":"569","seiten_links":[{"label":"569","book_id":"1014","pdf_page":587}]},{"bandnummer":"3F 13","kurztitel":"3. F. 13, Regensburger Bisch\u00f6fe 1649-1817","banduri":"https:\/\/doi.org\/10.26015\/adwdocs-536","seiten":"24","seiten_links":[{"label":"24","book_id":"1003","pdf_page":36}]},{"bandnummer":"3F 9","kurztitel":"3. F. 9, St. Zeno in Reichenhall","banduri":"https:\/\/doi.org\/10.26015\/adwdocs-533","seiten":"258","seiten_links":[{"label":"258","book_id":"162","pdf_page":274}]},{"bandnummer":"3F 3","kurztitel":"3. F. 3, Augustinerchorherrenstift Bernried","banduri":"https:\/\/doi.org\/10.26015\/adwdocs-369","seiten":"84, 99, 146, 176, 177, 178, 189, 321, 345, 400, 401","seiten_links":[{"label":"84","book_id":"67","pdf_page":100},{"label":" 99","book_id":"67","pdf_page":115},{"label":" 146","book_id":"67","pdf_page":162},{"label":" 176","book_id":"67","pdf_page":192},{"label":" 177","book_id":"67","pdf_page":193},{"label":" 178","book_id":"67","pdf_page":194},{"label":" 189","book_id":"67","pdf_page":205},{"label":" 321","book_id":"67","pdf_page":337},{"label":" 345","book_id":"67","pdf_page":361},{"label":" 400","book_id":"67","pdf_page":416},{"label":" 401","book_id":"67","pdf_page":417}]},{"bandnummer":"NF 45","kurztitel":"NF 45, Eichst\u00e4tter Bisch\u00f6fe bis 1535","banduri":"https:\/\/doi.org\/10.26015\/adwdocs-112","seiten":"223, 228\u2013230","seiten_links":[{"label":"223","book_id":"59","pdf_page":237},{"label":" 228\u2013230","book_id":"59","pdf_page":242}]},{"bandnummer":"NF 39","kurztitel":"NF 39, Benediktinerabtei Wessobrunn","banduri":"https:\/\/doi.org\/10.26015\/adwdocs-107","seiten":"101, 159\u2013160, 275, 333, 400, 402\u2013403","seiten_links":[{"label":"101","book_id":"53","pdf_page":113},{"label":" 159\u2013160","book_id":"53","pdf_page":171},{"label":" 275","book_id":"53","pdf_page":287},{"label":" 333","book_id":"53","pdf_page":345},{"label":" 400","book_id":"53","pdf_page":412},{"label":" 402\u2013403","book_id":"53","pdf_page":414}]},{"bandnummer":"NF 28","kurztitel":"NF 28, Benediktinerabtei Benediktbeuern","banduri":"https:\/\/doi.org\/10.26015\/adwdocs-95","seiten":"29, 102, 106, 127, 194f., 219, 259, 304, 314, 329, 370, 377, 397, 482\u2013484, 486, 487, 490, 492","seiten_links":[{"label":"29","book_id":"38","pdf_page":47},{"label":" 102","book_id":"38","pdf_page":120},{"label":" 106","book_id":"38","pdf_page":124},{"label":" 127","book_id":"38","pdf_page":145},{"label":" 194f.","book_id":"38","pdf_page":212},{"label":" 219","book_id":"38","pdf_page":237},{"label":" 259","book_id":"38","pdf_page":277},{"label":" 304","book_id":"38","pdf_page":322},{"label":" 314","book_id":"38","pdf_page":332},{"label":" 329","book_id":"38","pdf_page":347},{"label":" 370","book_id":"38","pdf_page":388},{"label":" 377","book_id":"38","pdf_page":395},{"label":" 397","book_id":"38","pdf_page":415},{"label":" 482\u2013484","book_id":"38","pdf_page":500},{"label":" 486","book_id":"38","pdf_page":504},{"label":" 487","book_id":"38","pdf_page":505},{"label":" 490","book_id":"38","pdf_page":508},{"label":" 492","book_id":"38","pdf_page":510}]},{"bandnummer":"NF 24","kurztitel":"NF 24, Augustinerchorherrenstift Dietramszell","banduri":"https:\/\/doi.org\/10.26015\/adwdocs-125","seiten":"49, 118, 135, 199, 205, 213, 217, 218, 234, 252, 253","seiten_links":[{"label":"49","book_id":"34","pdf_page":63},{"label":" 118","book_id":"34","pdf_page":132},{"label":" 135","book_id":"34","pdf_page":149},{"label":" 199","book_id":"34","pdf_page":213},{"label":" 205","book_id":"34","pdf_page":219},{"label":" 213","book_id":"34","pdf_page":227},{"label":" 217","book_id":"34","pdf_page":231},{"label":" 218","book_id":"34","pdf_page":232},{"label":" 234","book_id":"34","pdf_page":248},{"label":" 252","book_id":"34","pdf_page":266},{"label":" 253","book_id":"34","pdf_page":267}]},{"bandnummer":"NF 16","kurztitel":"NF 16, Zisterzienserabtei Bebenhausen","banduri":"https:\/\/doi.org\/10.26015\/adwdocs-131","seiten":"244","seiten_links":[{"label":"244","book_id":"24","pdf_page":254}]},{"bandnummer":"NF 13","kurztitel":"NF 13, W\u00fcrzburger Bisch\u00f6fe 1455-1617","banduri":"https:\/\/doi.org\/10.26015\/adwdocs-86","seiten":"28, 58","seiten_links":[{"label":"28","book_id":"21","pdf_page":38},{"label":" 58","book_id":"21","pdf_page":68}]},{"bandnummer":"NF 11","kurztitel":"NF 11, Zisterzienserabtei Raitenhaslach","banduri":"https:\/\/doi.org\/10.26015\/adwdocs-120","seiten":"291","seiten_links":[{"label":"291","book_id":"19","pdf_page":302}]}],"aemter":[{"bezeichnung":"Herzog","art":"weltlich","institution":"","ort":"","dioezese":"","gebiet":"Bayern-M\u00fcnchen","klosterid":"","weihegrad":"","von":"1465","bis":"1508","anmerkung":""},{"bezeichnung":"Domherr","art":"geistlich","institution":"Domstift K\u00f6ln","ort":"K\u00f6ln","dioezese":"K\u00f6ln","gebiet":"","klosterid":"3503","weihegrad":"","von":"1456\/1461","bis":"1466","anmerkung":"Edelkanoniker"},{"bezeichnung":"Domherr","art":"geistlich","institution":"Domstift Augsburg","ort":"Augsburg","dioezese":"Augsburg","gebiet":"","klosterid":"3498","weihegrad":"","von":"vor 1465","bis":"","anmerkung":""}],"item.gsn":[{"nummer":"019-00076-001"},{"nummer":"021-00011-001"},{"nummer":"034-00035-001"},{"nummer":"038-00070-001"},{"nummer":"053-00074-001"},{"nummer":"059-00038-001"},{"nummer":"067-00041-001"},{"nummer":"073-00018-001"},{"nummer":"077-00015-001"},{"nummer":"079-00047-001"},{"nummer":"024-00080-001"},{"nummer":"712-00018-001"},{"nummer":"085-00009-001"}],"item":{"art":"Person"}}]}