{"records":[{"person":{"id":"339944","modified":"2025-03-16 21:38:47","vorname":"Otto IV.","vornamenvarianten":"Otto V.","namenspraefix":"von","familienname":"Scheyern","familiennamenvarianten":"","namenszusatz":"von Bayern","herkunftsname":"","titel":"","orden":"","geburtsdatum":"um 1083","sterbedatum":"1156","belegdaten":"1099\u20131156","taetigkeit":"","gndnummer":"123612829","cerlid":"","wiag":"","wikidata":"Q69620","factgrid":"","verwandtschaften":"","anmerkungen":""},"fundstellen":[{"bandnummer":"3F 23","kurztitel":"3. F. 23, Die Mainzer Erzbisch\u00f6fe von 1089 bis 1200","banduri":"","seiten":"189","seiten_links":[]},{"bandnummer":"NF 45","kurztitel":"NF 45, Eichst\u00e4tter Bisch\u00f6fe bis 1535","banduri":"https:\/\/doi.org\/10.26015\/adwdocs-112","seiten":"74","seiten_links":[{"label":"74","book_id":"59","pdf_page":88}]},{"bandnummer":"AF II, 1966","kurztitel":"AF II, Bistum Bamberg, Pfarreiorganisation","banduri":"https:\/\/doi.org\/10.26015\/adwdocs-343","seiten":"149","seiten_links":[{"label":"149","book_id":"7","pdf_page":157}]}],"aemter":[{"bezeichnung":"Pfalzgraf","art":"weltlich","institution":"","ort":"","dioezese":"","gebiet":"Bayern","klosterid":"","weihegrad":"","von":"1099","bis":"1122","anmerkung":""}],"item.gsn":[{"nummer":"007-02921-001"},{"nummer":"059-01241-001"},{"nummer":"087-00374-001"}],"item":{"art":"Person"}}]}