{"records":[{"person":{"id":"341381","modified":"2026-02-02 12:29:07","vorname":"Anna","vornamenvarianten":"","namenspraefix":"Gr\u00e4fin von","familienname":"Veldenz","familiennamenvarianten":"","namenszusatz":"","herkunftsname":"","titel":"","orden":"","geburtsdatum":"","sterbedatum":"1439","belegdaten":"um 1400\u20131439","taetigkeit":"","gndnummer":"136829791","cerlid":"","wiag":"","wikidata":"Q563940","factgrid":"","verwandtschaften":"Tochter des  Friedrich von Veldenz, \u221e 1410 Stephan, Pfalzgraf zu Simmern-Zweibr\u00fccken, gestorben 1459","anmerkungen":""},"fundstellen":[{"bandnummer":"3F 27","kurztitel":"3. F. 27, Die Trierer Erzbisch\u00f6fe von 1456 bis 1547","banduri":"","seiten":"47","seiten_links":[]},{"bandnummer":"NF 37,3","kurztitel":"NF 37,3, Di\u00f6zese M\u00fcnster","banduri":"https:\/\/doi.org\/10.26015\/adwdocs-104","seiten":"493","seiten_links":[{"label":"493","book_id":"50","pdf_page":537}]},{"bandnummer":"AF I, 1972","kurztitel":"AF I, Dom- und Kollegiatstifte Magdeburg","banduri":"https:\/\/doi.org\/10.26015\/adwdocs-341","seiten":"332","seiten_links":[{"label":"332","book_id":"130","pdf_page":350}]}],"aemter":[],"item.gsn":[{"nummer":"005-00387-001"},{"nummer":"050-00344-001"},{"nummer":"091-00018-001"}],"item":{"art":"Person"}}]}